{"id":922,"date":"2011-03-18T11:16:55","date_gmt":"2011-03-18T10:16:55","guid":{"rendered":"https:\/\/agrovyzkum.cz\/bulletin\/?p=922"},"modified":"2019-11-22T10:51:01","modified_gmt":"2019-11-22T09:51:01","slug":"vyzkum-v-chovu-skotu-1-2011","status":"publish","type":"post","link":"https:\/\/agrovyzkum.cz\/bulletin\/vyzkum-v-chovu-skotu-1-2011\/","title":{"rendered":"V\u00fdzkum v chovu skotu 1\/2011"},"content":{"rendered":"<div id=\"pl-922\"  class=\"panel-layout\" ><div id=\"pg-922-0\"  class=\"panel-grid panel-no-style\" ><div id=\"pgc-922-0-0\"  class=\"panel-grid-cell\" ><div id=\"panel-922-0-0-0\" class=\"so-panel widget_sow-editor panel-first-child panel-last-child\" data-index=\"0\" ><div\n\t\t\t\n\t\t\tclass=\"so-widget-sow-editor so-widget-sow-editor-base\"\n\t\t\t\n\t\t>\n<div class=\"siteorigin-widget-tinymce textwidget\">\n\t<h4>S\u00e9rie A \u2013 P\u016fvodn\u00ed v\u011bdeck\u00e1 sd\u011blen\u00ed<\/h4>\n<table  class=\" table table-hover\" style=\"width: 100%;\">\n<thead>\n<tr>\n<td style=\"width: 15%;\">Strana<\/td>\n<td style=\"width: 536px;\">N\u00e1zev \u010dl\u00e1nku \/ autor<\/td>\n<\/tr>\n<\/thead>\n<tbody>\n<tr>\n<td style=\"width: 15%;\">3<\/td>\n<td style=\"width: 536px;\"><strong>V\u00fdvoj po\u010dtu somatick\u00fdch bun\u011bk ml\u00e9ka u dojnic s klinickou a subklinickou mastitidou dojen\u00fdch doj\u00edc\u00edmi roboty<\/strong><\/p>\n<p>Development of somatic cell count in dairy cows with clinical and subclinical mastitis with using automatic milking robots<\/p>\n<p><em>Dohnal, J. \u2013 Frelich, J. \u2013 Hanu\u0161, O. \u2013 Tonka, T.<\/em><\/p>\n<p>[A]<\/p>\n<\/td>\n<\/tr>\n<tr>\n<td style=\"width: 15%;\">10<\/td>\n<td style=\"width: 536px;\"><strong>Tvorba a v\u00fdvoj kalibra\u010dn\u00edho modelu pro nep\u0159\u00edm\u00e9 stanoven\u00ed voln\u00fdch mastn\u00fdch kyselin ml\u00e9\u010dn\u00e9ho tuku a metody p\u0159\u00edpravy referen\u010dn\u00edch vzork\u016f<\/strong><\/p>\n<p>Creation and development of the calibration model for the indirect determination of the milk fat free fatty acids and the method of a reference sample preparation<\/p>\n<p><em>Gen\u010durov\u00e1, V. \u2013 Hanu\u0161, O. \u2013 Jedelsk\u00e1, R. \u2013 Kopeck\u00fd, J.<\/em><\/p>\n<p>[A]<\/p>\n<\/td>\n<\/tr>\n<tr>\n<td style=\"width: 15%;\">21<\/td>\n<td style=\"width: 536px;\"><strong>Odhad slo\u017een\u00ed ml\u00e9ka ze vzork\u016f odebran\u00fdch v r\u00e1mci kontroly u\u017eitkovosti z rann\u00edho a ve\u010dern\u00edho v\u00fddojku p\u0159i troj\u00edm denn\u00edm dojen\u00ed s pevn\u00fdm intervalem<\/strong><\/p>\n<p>Milk composition estimation according to samples which were obtained during morning and evening at triple milking a day with fixed interval in the framework of milk recording<\/p>\n<p><em>Hanu\u0161, O. \u2013 Hering, P. \u2013 Chl\u00e1dek, G. \u2013 Roubal, P. \u2013 Dufek, A. \u2013 Jedelsk\u00e1, R. \u2013 He\u0159man, F.<\/em><\/p>\n<p>[A]<\/p>\n<\/td>\n<\/tr>\n<tr>\n<td style=\"width: 15%;\">31<\/td>\n<td style=\"width: 536px;\"><strong>Vliv r\u016fzn\u00e9ho zp\u016fsobu vyu\u017eit\u00ed travn\u00edch porost\u016f na p\u016fdn\u00ed vlastnosti<\/strong><\/p>\n<p>Soil Properties under Grassland as Influenced by different practice of exploitation<\/p>\n<p><em>Karabcov\u00e1, H. \u2013 Posp\u00ed\u0161ilov\u00e1, L.<\/em><\/p>\n<p>[A]<\/p>\n<\/td>\n<\/tr>\n<tr>\n<td style=\"width: 15%;\">38<\/td>\n<td style=\"width: 536px;\"><strong>N\u00e1kladovost, zpen\u011b\u017eov\u00e1n\u00ed a rentabilita v\u00fdroby ml\u00e9ka v roce 2009<\/strong><\/p>\n<p>Costs, producer prices and profitability of milk production in 2009<\/p>\n<p><em>Kope\u010dek, P.<\/em><\/p>\n<p>[A]<\/p>\n<\/td>\n<\/tr>\n<tr>\n<td style=\"width: 15%;\">52<\/td>\n<td style=\"width: 536px;\"><strong>Srovn\u00e1n\u00ed nefelometricky a tradi\u010dn\u011b stanoven\u00e9 koagulace protein\u016f syrov\u00e9ho kravsk\u00e9ho ml\u00e9ka jako technologick\u00e9 vlastnosti<\/strong><\/p>\n<p>Comparison of cow raw milk protein coagulation described using nephelometry and traditional procedure as technological property<\/p>\n<p><em>Sojkov\u00e1, K. \u2013 Hanu\u0161, O. \u2013 Dufek, A. \u2013 Kopeck\u00fd, J. \u2013 Jedelsk\u00e1, R.<\/em><\/p>\n<p>[A]<\/p>\n<\/td>\n<\/tr>\n<tr>\n<td style=\"width: 15%;\">60<\/td>\n<td style=\"width: 536px;\"><strong>Roz\u0161\u00ed\u0159en\u00ed spektra p\u0159i centr\u00e1ln\u00ed kalibraci a v\u00fdkonnostn\u00edm testov\u00e1n\u00ed analytick\u00e9 zp\u016fsobilosti prost\u0159ednictv\u00edm N\u00e1rodn\u00ed referen\u010dn\u00ed laborato\u0159e pro syrov\u00e9 ml\u00e9ko Rapot\u00edn<\/strong><\/p>\n<p>Spectrum enlargement at central calibration and proficiency testing by National reference laboratory for raw milk in Rapot\u00edn<\/p>\n<p><em>Hanu\u0161, O. \u2013 Gen\u010durov\u00e1, V. \u2013 Landov\u00e1, H. \u2013 Jedelsk\u00e1, R. \u2013 Kopeck\u00fd, J. \u2013 Dolinkov\u00e1, A.<\/em><\/p>\n<p>[A]<\/p>\n<\/td>\n<\/tr>\n<\/tbody>\n<\/table>\n<h4>Spole\u010densk\u00e1 kronika<\/h4>\n<table  class=\" table table-hover\" style=\"width: 100%;\">\n<thead>\n<tr>\n<td style=\"width: 15%;\">Strana<\/td>\n<td style=\"width: 530px;\">N\u00e1zev \u010dl\u00e1nku \/ autor<\/td>\n<\/tr>\n<\/thead>\n<tbody>\n<tr>\n<td style=\"width: 15%;\">72<\/td>\n<td style=\"width: 530px;\"><strong>Rozlou\u010den\u00ed s panem Ing. Ji\u0159\u00ed Zaoralem, CSc.<\/strong><\/p>\n<p>[C]<\/p>\n<\/td>\n<\/tr>\n<\/tbody>\n<\/table>\n<h4>Aktu\u00e1ln\u00ed informace<\/h4>\n<table  class=\" table table-hover\" style=\"width: 100%; height: 48px;\">\n<thead>\n<tr style=\"height: 24px;\">\n<td style=\"width: 15%; height: 24px;\">Strana<\/td>\n<td style=\"width: 530px; height: 24px;\">N\u00e1zev \u010dl\u00e1nku \/ autor<\/td>\n<\/tr>\n<\/thead>\n<tbody>\n<tr style=\"height: 24px;\">\n<td style=\"width: 15%; height: 24px;\">73<\/td>\n<td style=\"width: 530px; height: 24px;\"><strong>Ozn\u00e1men\u00ed o zpoplatn\u011bn\u00ed p\u0159\u00edsp\u011bvk\u016f extern\u00edch autor\u016f<\/strong><\/p>\n<p>[C]<\/p>\n<\/td>\n<\/tr>\n<tr>\n<td style=\"width: 15%;\">74<\/td>\n<td style=\"width: 530px;\"><strong>Recenze odborn\u00e9 publikace: V\u00e1clav Jakubec, Ji\u0159\u00ed Bezd\u00ed\u010dek, Franti\u0161ek Louda \u201eSELEKCE \u2013 INBR\u00cdDING \u2013 HYBRIDIZACE\u201c<\/strong><\/p>\n<p>[C]<\/p>\n<\/td>\n<\/tr>\n<\/tbody>\n<\/table>\n<h4>Zpr\u00e1vy z cest<\/h4>\n<table  class=\" table table-hover\" style=\"width: 100%;\">\n<thead>\n<tr>\n<td style=\"width: 15%;\" width=\"302\">Strana<\/td>\n<td width=\"302\">N\u00e1zev \u010dl\u00e1nku \/ autor<\/td>\n<\/tr>\n<\/thead>\n<tbody>\n<tr>\n<td style=\"width: 15%;\" width=\"302\">76<\/td>\n<td width=\"302\"><strong>61st Annual Meeting of the European Association for Animal Production<\/strong><\/p>\n<p><em>Kucht\u00edk, J.<\/em><\/p>\n<p>[C]<\/p>\n<\/td>\n<\/tr>\n<tr>\n<td style=\"width: 15%;\">77<\/td>\n<td><strong>14. \u201eGeologicko \u2013 p\u016fdoznalecko \u2013 botanick\u00e1 ter\u00e9nn\u00ed exkurze\u201c \u2013 Ra\u010dkova dolina, ve dnech 14. \u2013 17. \u0159\u00edjna 2010<\/strong><\/p>\n<p><em>Krhovj\u00e1kov\u00e1, J. \u2013 Heczko, J.<\/em><\/p>\n<p>[C]<\/p>\n<\/td>\n<\/tr>\n<\/tbody>\n<\/table>\n<p>[A] \u2013 \u010cesky (anglick\u00fd abstrakt)<br \/>\n[E] \u2013 Anglicky (\u010desk\u00fd abstrakt)<br \/>\n[C] \u2013 Pouze v \u010de\u0161tin\u011b<\/p>\n<\/div>\n<\/div><\/div><\/div><div id=\"pgc-922-0-1\"  class=\"panel-grid-cell\" ><div id=\"panel-922-0-1-0\" class=\"so-panel widget_sow-image panel-first-child\" data-index=\"1\" ><div\n\t\t\t\n\t\t\tclass=\"so-widget-sow-image so-widget-sow-image-default-8b5b6f678277-922\"\n\t\t\t\n\t\t>\n<div class=\"sow-image-container\">\n\t\t<img loading=\"lazy\" decoding=\"async\" src=\"https:\/\/agrovyzkum.cz\/bulletin\/wp-content\/uploads\/sites\/5\/2019\/11\/2011_1_obalka.jpg\" width=\"699\" height=\"1000\" srcset=\"https:\/\/agrovyzkum.cz\/bulletin\/wp-content\/uploads\/sites\/5\/2019\/11\/2011_1_obalka.jpg 699w, https:\/\/agrovyzkum.cz\/bulletin\/wp-content\/uploads\/sites\/5\/2019\/11\/2011_1_obalka-210x300.jpg 210w\" sizes=\"auto, (max-width: 699px) 100vw, 699px\" alt=\"\" \t\tclass=\"so-widget-image\"\/>\n\t<\/div>\n\n<\/div><\/div><div id=\"panel-922-0-1-1\" class=\"so-panel widget_sow-editor panel-last-child\" data-index=\"2\" ><div\n\t\t\t\n\t\t\tclass=\"so-widget-sow-editor so-widget-sow-editor-base\"\n\t\t\t\n\t\t>\n<div class=\"siteorigin-widget-tinymce textwidget\">\n\t<p>\u010c\u00edslo: 1<br \/>\nRok vyd\u00e1n\u00ed: 2011<br \/>\nRo\u010dn\u00edk: LIII<br \/>\nSvazek: 193<\/p>\n<\/div>\n<\/div><\/div><\/div><\/div><\/div>","protected":false},"excerpt":{"rendered":"<p>S\u00e9rie A \u2013 P\u016fvodn\u00ed v\u011bdeck\u00e1 sd\u011blen\u00ed Strana N\u00e1zev \u010dl\u00e1nku \/ autor 3 V\u00fdvoj po\u010dtu somatick\u00fdch bun\u011bk ml\u00e9ka u dojnic s klinickou a subklinickou mastitidou dojen\u00fdch doj\u00edc\u00edmi roboty Development of somatic cell count in dairy cows with clinical and subclinical mastitis with using automatic milking robots Dohnal, J. \u2013 Frelich, J. \u2013 Hanu\u0161, O. \u2013 Tonka, T. [A] 10 Tvorba a [&hellip;]<\/p>\n","protected":false},"author":1,"featured_media":923,"comment_status":"closed","ping_status":"closed","sticky":false,"template":"","format":"standard","meta":{"inline_featured_image":false,"footnotes":""},"categories":[3,114],"tags":[],"class_list":["post-922","post","type-post","status-publish","format-standard","has-post-thumbnail","hentry","category-archiv","category-rok-2011"],"yoast_head":"<!-- This site is optimized with the Yoast SEO plugin v24.4 - https:\/\/yoast.com\/wordpress\/plugins\/seo\/ -->\n<title>V\u00fdzkum v chovu skotu 1\/2011 | V\u00fdzkum v chovu skotu<\/title>\n<meta name=\"robots\" content=\"index, follow, max-snippet:-1, max-image-preview:large, max-video-preview:-1\" \/>\n<link rel=\"canonical\" href=\"https:\/\/agrovyzkum.cz\/bulletin\/vyzkum-v-chovu-skotu-1-2011\/\" \/>\n<meta property=\"og:locale\" content=\"cs_CZ\" \/>\n<meta property=\"og:type\" content=\"article\" \/>\n<meta property=\"og:title\" content=\"V\u00fdzkum v chovu skotu 1\/2011 | V\u00fdzkum v chovu skotu\" \/>\n<meta property=\"og:description\" content=\"S\u00e9rie A \u2013 P\u016fvodn\u00ed v\u011bdeck\u00e1 sd\u011blen\u00ed Strana N\u00e1zev \u010dl\u00e1nku \/ autor 3 V\u00fdvoj po\u010dtu somatick\u00fdch bun\u011bk ml\u00e9ka u dojnic s klinickou a subklinickou mastitidou dojen\u00fdch doj\u00edc\u00edmi roboty Development of somatic cell count in dairy cows with clinical and subclinical mastitis with using automatic milking robots Dohnal, J. \u2013 Frelich, J. \u2013 Hanu\u0161, O. \u2013 Tonka, T. [A] 10 Tvorba a [&hellip;]\" \/>\n<meta property=\"og:url\" content=\"https:\/\/agrovyzkum.cz\/bulletin\/vyzkum-v-chovu-skotu-1-2011\/\" \/>\n<meta property=\"og:site_name\" content=\"V\u00fdzkum v chovu skotu\" \/>\n<meta property=\"article:published_time\" content=\"2011-03-18T10:16:55+00:00\" \/>\n<meta property=\"article:modified_time\" content=\"2019-11-22T09:51:01+00:00\" \/>\n<meta property=\"og:image\" content=\"https:\/\/agrovyzkum.cz\/bulletin\/wp-content\/uploads\/sites\/5\/2019\/11\/2011_1_slider.jpg\" \/>\n\t<meta property=\"og:image:width\" content=\"1753\" \/>\n\t<meta property=\"og:image:height\" content=\"502\" \/>\n\t<meta property=\"og:image:type\" content=\"image\/jpeg\" \/>\n<meta name=\"author\" content=\"admin\" \/>\n<meta name=\"twitter:card\" content=\"summary_large_image\" \/>\n<meta name=\"twitter:label1\" content=\"Napsal(a)\" \/>\n\t<meta name=\"twitter:data1\" content=\"admin\" \/>\n\t<meta name=\"twitter:label2\" content=\"Odhadovan\u00e1 doba \u010dten\u00ed\" \/>\n\t<meta name=\"twitter:data2\" content=\"3 minuty\" \/>\n<script type=\"application\/ld+json\" class=\"yoast-schema-graph\">{\"@context\":\"https:\/\/schema.org\",\"@graph\":[{\"@type\":\"Article\",\"@id\":\"https:\/\/agrovyzkum.cz\/bulletin\/vyzkum-v-chovu-skotu-1-2011\/#article\",\"isPartOf\":{\"@id\":\"https:\/\/agrovyzkum.cz\/bulletin\/vyzkum-v-chovu-skotu-1-2011\/\"},\"author\":{\"name\":\"admin\",\"@id\":\"https:\/\/agrovyzkum.cz\/bulletin\/#\/schema\/person\/28deabdd05a9ca995abc2920e61f54c3\"},\"headline\":\"V\u00fdzkum v chovu skotu 1\/2011\",\"datePublished\":\"2011-03-18T10:16:55+00:00\",\"dateModified\":\"2019-11-22T09:51:01+00:00\",\"mainEntityOfPage\":{\"@id\":\"https:\/\/agrovyzkum.cz\/bulletin\/vyzkum-v-chovu-skotu-1-2011\/\"},\"wordCount\":511,\"publisher\":{\"@id\":\"https:\/\/agrovyzkum.cz\/bulletin\/#organization\"},\"image\":{\"@id\":\"https:\/\/agrovyzkum.cz\/bulletin\/vyzkum-v-chovu-skotu-1-2011\/#primaryimage\"},\"thumbnailUrl\":\"https:\/\/agrovyzkum.cz\/bulletin\/wp-content\/uploads\/sites\/5\/2019\/11\/2011_1_slider.jpg\",\"articleSection\":[\"Arch\u00edv\",\"Rok 2011\"],\"inLanguage\":\"cs\"},{\"@type\":\"WebPage\",\"@id\":\"https:\/\/agrovyzkum.cz\/bulletin\/vyzkum-v-chovu-skotu-1-2011\/\",\"url\":\"https:\/\/agrovyzkum.cz\/bulletin\/vyzkum-v-chovu-skotu-1-2011\/\",\"name\":\"V\u00fdzkum v chovu skotu 1\/2011 | V\u00fdzkum v chovu skotu\",\"isPartOf\":{\"@id\":\"https:\/\/agrovyzkum.cz\/bulletin\/#website\"},\"primaryImageOfPage\":{\"@id\":\"https:\/\/agrovyzkum.cz\/bulletin\/vyzkum-v-chovu-skotu-1-2011\/#primaryimage\"},\"image\":{\"@id\":\"https:\/\/agrovyzkum.cz\/bulletin\/vyzkum-v-chovu-skotu-1-2011\/#primaryimage\"},\"thumbnailUrl\":\"https:\/\/agrovyzkum.cz\/bulletin\/wp-content\/uploads\/sites\/5\/2019\/11\/2011_1_slider.jpg\",\"datePublished\":\"2011-03-18T10:16:55+00:00\",\"dateModified\":\"2019-11-22T09:51:01+00:00\",\"breadcrumb\":{\"@id\":\"https:\/\/agrovyzkum.cz\/bulletin\/vyzkum-v-chovu-skotu-1-2011\/#breadcrumb\"},\"inLanguage\":\"cs\",\"potentialAction\":[{\"@type\":\"ReadAction\",\"target\":[\"https:\/\/agrovyzkum.cz\/bulletin\/vyzkum-v-chovu-skotu-1-2011\/\"]}]},{\"@type\":\"ImageObject\",\"inLanguage\":\"cs\",\"@id\":\"https:\/\/agrovyzkum.cz\/bulletin\/vyzkum-v-chovu-skotu-1-2011\/#primaryimage\",\"url\":\"https:\/\/agrovyzkum.cz\/bulletin\/wp-content\/uploads\/sites\/5\/2019\/11\/2011_1_slider.jpg\",\"contentUrl\":\"https:\/\/agrovyzkum.cz\/bulletin\/wp-content\/uploads\/sites\/5\/2019\/11\/2011_1_slider.jpg\",\"width\":1753,\"height\":502},{\"@type\":\"BreadcrumbList\",\"@id\":\"https:\/\/agrovyzkum.cz\/bulletin\/vyzkum-v-chovu-skotu-1-2011\/#breadcrumb\",\"itemListElement\":[{\"@type\":\"ListItem\",\"position\":1,\"name\":\"V\u00fdzkum v chovu skotu\",\"item\":\"https:\/\/agrovyzkum.cz\/bulletin\/\"},{\"@type\":\"ListItem\",\"position\":2,\"name\":\"Arch\u00edv\",\"item\":\"https:\/\/agrovyzkum.cz\/bulletin\/category\/archiv\/\"},{\"@type\":\"ListItem\",\"position\":3,\"name\":\"Rok 2011\",\"item\":\"https:\/\/agrovyzkum.cz\/bulletin\/category\/archiv\/rok-2011\/\"},{\"@type\":\"ListItem\",\"position\":4,\"name\":\"V\u00fdzkum v chovu skotu 1\/2011\"}]},{\"@type\":\"WebSite\",\"@id\":\"https:\/\/agrovyzkum.cz\/bulletin\/#website\",\"url\":\"https:\/\/agrovyzkum.cz\/bulletin\/\",\"name\":\"V\u00fdzkum v chovu skotu\",\"description\":\"\",\"publisher\":{\"@id\":\"https:\/\/agrovyzkum.cz\/bulletin\/#organization\"},\"potentialAction\":[{\"@type\":\"SearchAction\",\"target\":{\"@type\":\"EntryPoint\",\"urlTemplate\":\"https:\/\/agrovyzkum.cz\/bulletin\/?s={search_term_string}\"},\"query-input\":{\"@type\":\"PropertyValueSpecification\",\"valueRequired\":true,\"valueName\":\"search_term_string\"}}],\"inLanguage\":\"cs\"},{\"@type\":\"Organization\",\"@id\":\"https:\/\/agrovyzkum.cz\/bulletin\/#organization\",\"name\":\"Agrov\u00fdzkum Rapot\u00edn s.r.o.\",\"url\":\"https:\/\/agrovyzkum.cz\/bulletin\/\",\"logo\":{\"@type\":\"ImageObject\",\"inLanguage\":\"cs\",\"@id\":\"https:\/\/agrovyzkum.cz\/bulletin\/#\/schema\/logo\/image\/\",\"url\":\"https:\/\/agrovyzkum.cz\/bulletin\/wp-content\/uploads\/sites\/5\/2020\/03\/logo_agro.svg\",\"contentUrl\":\"https:\/\/agrovyzkum.cz\/bulletin\/wp-content\/uploads\/sites\/5\/2020\/03\/logo_agro.svg\",\"width\":36,\"height\":22,\"caption\":\"Agrov\u00fdzkum Rapot\u00edn s.r.o.\"},\"image\":{\"@id\":\"https:\/\/agrovyzkum.cz\/bulletin\/#\/schema\/logo\/image\/\"}},{\"@type\":\"Person\",\"@id\":\"https:\/\/agrovyzkum.cz\/bulletin\/#\/schema\/person\/28deabdd05a9ca995abc2920e61f54c3\",\"name\":\"admin\",\"image\":{\"@type\":\"ImageObject\",\"inLanguage\":\"cs\",\"@id\":\"https:\/\/agrovyzkum.cz\/bulletin\/#\/schema\/person\/image\/\",\"url\":\"https:\/\/secure.gravatar.com\/avatar\/0e156590117f7ac94936412af24e3431?s=96&d=mm&r=g\",\"contentUrl\":\"https:\/\/secure.gravatar.com\/avatar\/0e156590117f7ac94936412af24e3431?s=96&d=mm&r=g\",\"caption\":\"admin\"},\"url\":\"https:\/\/agrovyzkum.cz\/bulletin\/author\/admin\/\"}]}<\/script>\n<!-- \/ Yoast SEO plugin. -->","yoast_head_json":{"title":"V\u00fdzkum v chovu skotu 1\/2011 | V\u00fdzkum v chovu skotu","robots":{"index":"index","follow":"follow","max-snippet":"max-snippet:-1","max-image-preview":"max-image-preview:large","max-video-preview":"max-video-preview:-1"},"canonical":"https:\/\/agrovyzkum.cz\/bulletin\/vyzkum-v-chovu-skotu-1-2011\/","og_locale":"cs_CZ","og_type":"article","og_title":"V\u00fdzkum v chovu skotu 1\/2011 | V\u00fdzkum v chovu skotu","og_description":"S\u00e9rie A \u2013 P\u016fvodn\u00ed v\u011bdeck\u00e1 sd\u011blen\u00ed Strana N\u00e1zev \u010dl\u00e1nku \/ autor 3 V\u00fdvoj po\u010dtu somatick\u00fdch bun\u011bk ml\u00e9ka u dojnic s klinickou a subklinickou mastitidou dojen\u00fdch doj\u00edc\u00edmi roboty Development of somatic cell count in dairy cows with clinical and subclinical mastitis with using automatic milking robots Dohnal, J. \u2013 Frelich, J. \u2013 Hanu\u0161, O. \u2013 Tonka, T. [A] 10 Tvorba a [&hellip;]","og_url":"https:\/\/agrovyzkum.cz\/bulletin\/vyzkum-v-chovu-skotu-1-2011\/","og_site_name":"V\u00fdzkum v chovu skotu","article_published_time":"2011-03-18T10:16:55+00:00","article_modified_time":"2019-11-22T09:51:01+00:00","og_image":[{"width":1753,"height":502,"url":"https:\/\/agrovyzkum.cz\/bulletin\/wp-content\/uploads\/sites\/5\/2019\/11\/2011_1_slider.jpg","type":"image\/jpeg"}],"author":"admin","twitter_card":"summary_large_image","twitter_misc":{"Napsal(a)":"admin","Odhadovan\u00e1 doba \u010dten\u00ed":"3 minuty"},"schema":{"@context":"https:\/\/schema.org","@graph":[{"@type":"Article","@id":"https:\/\/agrovyzkum.cz\/bulletin\/vyzkum-v-chovu-skotu-1-2011\/#article","isPartOf":{"@id":"https:\/\/agrovyzkum.cz\/bulletin\/vyzkum-v-chovu-skotu-1-2011\/"},"author":{"name":"admin","@id":"https:\/\/agrovyzkum.cz\/bulletin\/#\/schema\/person\/28deabdd05a9ca995abc2920e61f54c3"},"headline":"V\u00fdzkum v chovu skotu 1\/2011","datePublished":"2011-03-18T10:16:55+00:00","dateModified":"2019-11-22T09:51:01+00:00","mainEntityOfPage":{"@id":"https:\/\/agrovyzkum.cz\/bulletin\/vyzkum-v-chovu-skotu-1-2011\/"},"wordCount":511,"publisher":{"@id":"https:\/\/agrovyzkum.cz\/bulletin\/#organization"},"image":{"@id":"https:\/\/agrovyzkum.cz\/bulletin\/vyzkum-v-chovu-skotu-1-2011\/#primaryimage"},"thumbnailUrl":"https:\/\/agrovyzkum.cz\/bulletin\/wp-content\/uploads\/sites\/5\/2019\/11\/2011_1_slider.jpg","articleSection":["Arch\u00edv","Rok 2011"],"inLanguage":"cs"},{"@type":"WebPage","@id":"https:\/\/agrovyzkum.cz\/bulletin\/vyzkum-v-chovu-skotu-1-2011\/","url":"https:\/\/agrovyzkum.cz\/bulletin\/vyzkum-v-chovu-skotu-1-2011\/","name":"V\u00fdzkum v chovu skotu 1\/2011 | V\u00fdzkum v chovu skotu","isPartOf":{"@id":"https:\/\/agrovyzkum.cz\/bulletin\/#website"},"primaryImageOfPage":{"@id":"https:\/\/agrovyzkum.cz\/bulletin\/vyzkum-v-chovu-skotu-1-2011\/#primaryimage"},"image":{"@id":"https:\/\/agrovyzkum.cz\/bulletin\/vyzkum-v-chovu-skotu-1-2011\/#primaryimage"},"thumbnailUrl":"https:\/\/agrovyzkum.cz\/bulletin\/wp-content\/uploads\/sites\/5\/2019\/11\/2011_1_slider.jpg","datePublished":"2011-03-18T10:16:55+00:00","dateModified":"2019-11-22T09:51:01+00:00","breadcrumb":{"@id":"https:\/\/agrovyzkum.cz\/bulletin\/vyzkum-v-chovu-skotu-1-2011\/#breadcrumb"},"inLanguage":"cs","potentialAction":[{"@type":"ReadAction","target":["https:\/\/agrovyzkum.cz\/bulletin\/vyzkum-v-chovu-skotu-1-2011\/"]}]},{"@type":"ImageObject","inLanguage":"cs","@id":"https:\/\/agrovyzkum.cz\/bulletin\/vyzkum-v-chovu-skotu-1-2011\/#primaryimage","url":"https:\/\/agrovyzkum.cz\/bulletin\/wp-content\/uploads\/sites\/5\/2019\/11\/2011_1_slider.jpg","contentUrl":"https:\/\/agrovyzkum.cz\/bulletin\/wp-content\/uploads\/sites\/5\/2019\/11\/2011_1_slider.jpg","width":1753,"height":502},{"@type":"BreadcrumbList","@id":"https:\/\/agrovyzkum.cz\/bulletin\/vyzkum-v-chovu-skotu-1-2011\/#breadcrumb","itemListElement":[{"@type":"ListItem","position":1,"name":"V\u00fdzkum v chovu skotu","item":"https:\/\/agrovyzkum.cz\/bulletin\/"},{"@type":"ListItem","position":2,"name":"Arch\u00edv","item":"https:\/\/agrovyzkum.cz\/bulletin\/category\/archiv\/"},{"@type":"ListItem","position":3,"name":"Rok 2011","item":"https:\/\/agrovyzkum.cz\/bulletin\/category\/archiv\/rok-2011\/"},{"@type":"ListItem","position":4,"name":"V\u00fdzkum v chovu skotu 1\/2011"}]},{"@type":"WebSite","@id":"https:\/\/agrovyzkum.cz\/bulletin\/#website","url":"https:\/\/agrovyzkum.cz\/bulletin\/","name":"V\u00fdzkum v chovu skotu","description":"","publisher":{"@id":"https:\/\/agrovyzkum.cz\/bulletin\/#organization"},"potentialAction":[{"@type":"SearchAction","target":{"@type":"EntryPoint","urlTemplate":"https:\/\/agrovyzkum.cz\/bulletin\/?s={search_term_string}"},"query-input":{"@type":"PropertyValueSpecification","valueRequired":true,"valueName":"search_term_string"}}],"inLanguage":"cs"},{"@type":"Organization","@id":"https:\/\/agrovyzkum.cz\/bulletin\/#organization","name":"Agrov\u00fdzkum Rapot\u00edn s.r.o.","url":"https:\/\/agrovyzkum.cz\/bulletin\/","logo":{"@type":"ImageObject","inLanguage":"cs","@id":"https:\/\/agrovyzkum.cz\/bulletin\/#\/schema\/logo\/image\/","url":"https:\/\/agrovyzkum.cz\/bulletin\/wp-content\/uploads\/sites\/5\/2020\/03\/logo_agro.svg","contentUrl":"https:\/\/agrovyzkum.cz\/bulletin\/wp-content\/uploads\/sites\/5\/2020\/03\/logo_agro.svg","width":36,"height":22,"caption":"Agrov\u00fdzkum Rapot\u00edn s.r.o."},"image":{"@id":"https:\/\/agrovyzkum.cz\/bulletin\/#\/schema\/logo\/image\/"}},{"@type":"Person","@id":"https:\/\/agrovyzkum.cz\/bulletin\/#\/schema\/person\/28deabdd05a9ca995abc2920e61f54c3","name":"admin","image":{"@type":"ImageObject","inLanguage":"cs","@id":"https:\/\/agrovyzkum.cz\/bulletin\/#\/schema\/person\/image\/","url":"https:\/\/secure.gravatar.com\/avatar\/0e156590117f7ac94936412af24e3431?s=96&d=mm&r=g","contentUrl":"https:\/\/secure.gravatar.com\/avatar\/0e156590117f7ac94936412af24e3431?s=96&d=mm&r=g","caption":"admin"},"url":"https:\/\/agrovyzkum.cz\/bulletin\/author\/admin\/"}]}},"_links":{"self":[{"href":"https:\/\/agrovyzkum.cz\/bulletin\/wp-json\/wp\/v2\/posts\/922","targetHints":{"allow":["GET"]}}],"collection":[{"href":"https:\/\/agrovyzkum.cz\/bulletin\/wp-json\/wp\/v2\/posts"}],"about":[{"href":"https:\/\/agrovyzkum.cz\/bulletin\/wp-json\/wp\/v2\/types\/post"}],"author":[{"embeddable":true,"href":"https:\/\/agrovyzkum.cz\/bulletin\/wp-json\/wp\/v2\/users\/1"}],"replies":[{"embeddable":true,"href":"https:\/\/agrovyzkum.cz\/bulletin\/wp-json\/wp\/v2\/comments?post=922"}],"version-history":[{"count":0,"href":"https:\/\/agrovyzkum.cz\/bulletin\/wp-json\/wp\/v2\/posts\/922\/revisions"}],"wp:featuredmedia":[{"embeddable":true,"href":"https:\/\/agrovyzkum.cz\/bulletin\/wp-json\/wp\/v2\/media\/923"}],"wp:attachment":[{"href":"https:\/\/agrovyzkum.cz\/bulletin\/wp-json\/wp\/v2\/media?parent=922"}],"wp:term":[{"taxonomy":"category","embeddable":true,"href":"https:\/\/agrovyzkum.cz\/bulletin\/wp-json\/wp\/v2\/categories?post=922"},{"taxonomy":"post_tag","embeddable":true,"href":"https:\/\/agrovyzkum.cz\/bulletin\/wp-json\/wp\/v2\/tags?post=922"}],"curies":[{"name":"wp","href":"https:\/\/api.w.org\/{rel}","templated":true}]}}