{"id":823,"date":"2013-03-15T12:14:53","date_gmt":"2013-03-15T11:14:53","guid":{"rendered":"https:\/\/agrovyzkum.cz\/bulletin\/?p=823"},"modified":"2019-11-22T10:49:17","modified_gmt":"2019-11-22T09:49:17","slug":"vyzkum-v-chovu-skotu-1-2013","status":"publish","type":"post","link":"https:\/\/agrovyzkum.cz\/bulletin\/vyzkum-v-chovu-skotu-1-2013\/","title":{"rendered":"V\u00fdzkum v chovu skotu 1\/2013"},"content":{"rendered":"<div id=\"pl-823\"  class=\"panel-layout\" ><div id=\"pg-823-0\"  class=\"panel-grid panel-no-style\" ><div id=\"pgc-823-0-0\"  class=\"panel-grid-cell\" ><div id=\"panel-823-0-0-0\" class=\"so-panel widget_sow-editor panel-first-child panel-last-child\" data-index=\"0\" ><div\n\t\t\t\n\t\t\tclass=\"so-widget-sow-editor so-widget-sow-editor-base\"\n\t\t\t\n\t\t>\n<div class=\"siteorigin-widget-tinymce textwidget\">\n\t<h4>S\u00e9rie A \u2013 P\u016fvodn\u00ed v\u011bdeck\u00e1 sd\u011blen\u00ed<\/h4>\n<table  class=\" table table-hover\" style=\"width: 100%;\">\n<thead>\n<tr>\n<td style=\"width: 15%;\">Strana<\/td>\n<td style=\"width: 536px;\">N\u00e1zev \u010dl\u00e1nku \/ autor<\/td>\n<\/tr>\n<\/thead>\n<tbody>\n<tr>\n<td style=\"width: 15%;\">2<\/td>\n<td style=\"width: 536px;\"><strong>Influence of growth stage of forages on dry matter intake of silages in heifers<\/strong><\/p>\n<p>Vliv r\u016fstov\u00e9ho st\u00e1dia p\u00edcnin na p\u0159\u00edjem su\u0161iny sil\u00e1\u017e\u00ed u jalovic<\/p>\n<p><em>L\u00e1tal, O. \u2013 Pozd\u00ed\u0161ek, J. \u2013 \u0160t\u00fdbnarov\u00e1, M<\/em><\/p>\n<p>[E]<\/p>\n<\/td>\n<\/tr>\n<tr>\n<td style=\"width: 15%;\">9<\/td>\n<td style=\"width: 536px;\"><strong>Hodnocen\u00ed rozd\u00edl\u016f v kvalit\u011b p\u00edce vybran\u00fdch vyset\u00fdch druh\u016f trav a jetelovin<\/strong><\/p>\n<p>Evaluation of differences of fodder quality in chosen sown grass and clover species<\/p>\n<p><em>\u0160t\u00fdbnarov\u00e1, M. -- Karabcov\u00e1, H. -- Mi\u010dov\u00e1, P.<\/em><\/p>\n<p>[A]<\/p>\n<\/td>\n<\/tr>\n<\/tbody>\n<\/table>\n<h4>S\u00e9rie B \u2013 Odborn\u00e1 sd\u011blen\u00ed<\/h4>\n<table  class=\" table table-hover\" style=\"width: 100%;\">\n<thead>\n<tr>\n<td style=\"width: 15%;\">Strana<\/td>\n<td style=\"width: 530px;\">N\u00e1zev \u010dl\u00e1nku \/ autor<\/td>\n<\/tr>\n<\/thead>\n<tbody>\n<tr>\n<td style=\"width: 15%;\">19<\/td>\n<td style=\"width: 530px;\"><strong>Ekologick\u00e1 obnova travn\u00edch porost\u016f s vyu\u017eit\u00edm region\u00e1ln\u00edch sm\u011bs\u00ed na p\u0159\u00edkladech v\u00fdsledk\u016f v\u00fdzkumu LFZ Raumberg-Gumpenstein<\/strong><\/p>\n<p><em>\u0160t\u00fdbnarov\u00e1, M.<\/em><\/p>\n<p>[C]<\/p>\n<\/td>\n<\/tr>\n<\/tbody>\n<\/table>\n<h4>Spole\u010densk\u00e1 kronika<\/h4>\n<table  class=\" table table-hover\" style=\"width: 100%;\">\n<thead>\n<tr>\n<td style=\"width: 15%;\">Strana<\/td>\n<td style=\"width: 530px;\">N\u00e1zev \u010dl\u00e1nku \/ autor<\/td>\n<\/tr>\n<\/thead>\n<tbody>\n<tr>\n<td style=\"width: 15%;\">22<\/td>\n<td style=\"width: 530px;\"><strong>Rozlou\u010den\u00ed s panem prof. Ing. Ladislavem \u0160tolcem, CSc.\u00a0<\/strong><\/p>\n<p>[C]<\/p>\n<\/td>\n<\/tr>\n<\/tbody>\n<\/table>\n<h4>P\u0159e\u010detli jsme za V\u00e1s<\/h4>\n<table  class=\" table table-hover\" style=\"width: 100%;\">\n<thead>\n<tr>\n<td style=\"width: 15%;\">Strana<\/td>\n<td style=\"width: 530px;\">N\u00e1zev \u010dl\u00e1nku \/ autor<\/td>\n<\/tr>\n<\/thead>\n<tbody>\n<tr>\n<td style=\"width: 15%;\">23<\/td>\n<td style=\"width: 530px;\"><strong>V\u00fdznamn\u00e9 skupiny mikroorganism\u016f stanoven\u00e9 v syrov\u00e9m koz\u00edm ml\u00e9ce a \u010derstv\u00fdch koz\u00edch s\u00fdrech b\u011bhem laktace<\/strong><\/p>\n<p><em>Do\u0161l\u00edk, V.<\/em><\/p>\n<p>[C]<\/p>\n<\/td>\n<\/tr>\n<\/tbody>\n<\/table>\n<h4>Zpr\u00e1vy z cest<\/h4>\n<table  class=\" table table-hover\" style=\"width: 100%;\">\n<thead>\n<tr>\n<td style=\"width: 15%;\" width=\"302\">Strana<\/td>\n<td width=\"302\">N\u00e1zev \u010dl\u00e1nku \/ autor<\/td>\n<\/tr>\n<\/thead>\n<tbody>\n<tr>\n<td style=\"width: 15%;\" width=\"302\">25<\/td>\n<td width=\"302\"><strong>Zpr\u00e1va z cesty do LFZ Raumberg-Gumpenstein \u2013 \u00fa\u010dast na v\u011bdeck\u00e9 konferenci 40. Viehwirtschaftliche Fachtagung 2013<\/strong><\/p>\n<p><em>\u0160t\u00fdbnarov\u00e1, M. \u2013 Pozd\u00ed\u0161ek, J. \u2013 L\u00e1tal, O.<\/em><\/p>\n<p>[C]<\/p>\n<\/td>\n<\/tr>\n<tr>\n<td style=\"width: 15%;\">28<\/td>\n<td><strong>Zpr\u00e1va o v\u00fdsledku pracovn\u00ed cesty \u2013 \u00fa\u010dast na konferenci BE-NATUR: lep\u0161\u00ed management lokalit NATURA 2000<\/strong><\/p>\n<p><em>\u0160t\u00fdbnarov\u00e1, M. \u2013 Mi\u010dov\u00e1, P. \u2013 L\u00e1tal, O.<\/em><\/p>\n<p>[C]<\/p>\n<\/td>\n<\/tr>\n<\/tbody>\n<\/table>\n<p>[A] \u2013 \u010cesky (anglick\u00fd abstrakt)<br \/>\n[E] \u2013 Anglicky (\u010desk\u00fd abstrakt)<br \/>\n[C] \u2013 Pouze v \u010de\u0161tin\u011b<\/p>\n<\/div>\n<\/div><\/div><\/div><div id=\"pgc-823-0-1\"  class=\"panel-grid-cell\" ><div id=\"panel-823-0-1-0\" class=\"so-panel widget_sow-image panel-first-child\" data-index=\"1\" ><div\n\t\t\t\n\t\t\tclass=\"so-widget-sow-image so-widget-sow-image-default-8b5b6f678277-823\"\n\t\t\t\n\t\t>\n<div class=\"sow-image-container\">\n\t\t<img loading=\"lazy\" decoding=\"async\" src=\"https:\/\/agrovyzkum.cz\/bulletin\/wp-content\/uploads\/sites\/5\/2019\/11\/2013_1_obalka.jpg\" width=\"699\" height=\"1000\" srcset=\"https:\/\/agrovyzkum.cz\/bulletin\/wp-content\/uploads\/sites\/5\/2019\/11\/2013_1_obalka.jpg 699w, https:\/\/agrovyzkum.cz\/bulletin\/wp-content\/uploads\/sites\/5\/2019\/11\/2013_1_obalka-210x300.jpg 210w\" sizes=\"auto, (max-width: 699px) 100vw, 699px\" alt=\"\" \t\tclass=\"so-widget-image\"\/>\n\t<\/div>\n\n<\/div><\/div><div id=\"panel-823-0-1-1\" class=\"so-panel widget_sow-editor panel-last-child\" data-index=\"2\" ><div\n\t\t\t\n\t\t\tclass=\"so-widget-sow-editor so-widget-sow-editor-base\"\n\t\t\t\n\t\t>\n<div class=\"siteorigin-widget-tinymce textwidget\">\n\t<p>\u010c\u00edslo: 1<br \/>\nRok vyd\u00e1n\u00ed: 2013<br \/>\nRo\u010dn\u00edk: LV<br \/>\nSvazek: 201<\/p>\n<\/div>\n<\/div><\/div><\/div><\/div><\/div>","protected":false},"excerpt":{"rendered":"<p>S\u00e9rie A \u2013 P\u016fvodn\u00ed v\u011bdeck\u00e1 sd\u011blen\u00ed Strana N\u00e1zev \u010dl\u00e1nku \/ autor 2 Influence of growth stage of forages on dry matter intake of silages in heifers Vliv r\u016fstov\u00e9ho st\u00e1dia p\u00edcnin na p\u0159\u00edjem su\u0161iny sil\u00e1\u017e\u00ed u jalovic L\u00e1tal, O. \u2013 Pozd\u00ed\u0161ek, J. \u2013 \u0160t\u00fdbnarov\u00e1, M [E] 9 Hodnocen\u00ed rozd\u00edl\u016f v kvalit\u011b p\u00edce vybran\u00fdch vyset\u00fdch druh\u016f trav a jetelovin Evaluation of differences [&hellip;]<\/p>\n","protected":false},"author":1,"featured_media":825,"comment_status":"closed","ping_status":"closed","sticky":false,"template":"","format":"standard","meta":{"inline_featured_image":false,"footnotes":""},"categories":[3,95],"tags":[],"class_list":["post-823","post","type-post","status-publish","format-standard","has-post-thumbnail","hentry","category-archiv","category-rok-2013"],"yoast_head":"<!-- This site is optimized with the Yoast SEO plugin v24.4 - https:\/\/yoast.com\/wordpress\/plugins\/seo\/ -->\n<title>V\u00fdzkum v chovu skotu 1\/2013 | V\u00fdzkum v chovu skotu<\/title>\n<meta name=\"robots\" content=\"index, follow, max-snippet:-1, max-image-preview:large, max-video-preview:-1\" \/>\n<link rel=\"canonical\" href=\"https:\/\/agrovyzkum.cz\/bulletin\/vyzkum-v-chovu-skotu-1-2013\/\" \/>\n<meta property=\"og:locale\" content=\"cs_CZ\" \/>\n<meta property=\"og:type\" content=\"article\" \/>\n<meta property=\"og:title\" content=\"V\u00fdzkum v chovu skotu 1\/2013 | V\u00fdzkum v chovu skotu\" \/>\n<meta property=\"og:description\" content=\"S\u00e9rie A \u2013 P\u016fvodn\u00ed v\u011bdeck\u00e1 sd\u011blen\u00ed Strana N\u00e1zev \u010dl\u00e1nku \/ autor 2 Influence of growth stage of forages on dry matter intake of silages in heifers Vliv r\u016fstov\u00e9ho st\u00e1dia p\u00edcnin na p\u0159\u00edjem su\u0161iny sil\u00e1\u017e\u00ed u jalovic L\u00e1tal, O. \u2013 Pozd\u00ed\u0161ek, J. \u2013 \u0160t\u00fdbnarov\u00e1, M [E] 9 Hodnocen\u00ed rozd\u00edl\u016f v kvalit\u011b p\u00edce vybran\u00fdch vyset\u00fdch druh\u016f trav a jetelovin Evaluation of differences [&hellip;]\" \/>\n<meta property=\"og:url\" content=\"https:\/\/agrovyzkum.cz\/bulletin\/vyzkum-v-chovu-skotu-1-2013\/\" \/>\n<meta property=\"og:site_name\" content=\"V\u00fdzkum v chovu skotu\" \/>\n<meta property=\"article:published_time\" content=\"2013-03-15T11:14:53+00:00\" \/>\n<meta property=\"article:modified_time\" content=\"2019-11-22T09:49:17+00:00\" \/>\n<meta property=\"og:image\" content=\"https:\/\/agrovyzkum.cz\/bulletin\/wp-content\/uploads\/sites\/5\/2019\/11\/2013_1_slider.jpg\" \/>\n\t<meta property=\"og:image:width\" content=\"1419\" \/>\n\t<meta property=\"og:image:height\" content=\"407\" \/>\n\t<meta property=\"og:image:type\" content=\"image\/jpeg\" \/>\n<meta name=\"author\" content=\"admin\" \/>\n<meta name=\"twitter:card\" content=\"summary_large_image\" \/>\n<meta name=\"twitter:label1\" content=\"Napsal(a)\" \/>\n\t<meta name=\"twitter:data1\" content=\"admin\" \/>\n\t<meta name=\"twitter:label2\" content=\"Odhadovan\u00e1 doba \u010dten\u00ed\" \/>\n\t<meta name=\"twitter:data2\" content=\"1 minuta\" \/>\n<script type=\"application\/ld+json\" class=\"yoast-schema-graph\">{\"@context\":\"https:\/\/schema.org\",\"@graph\":[{\"@type\":\"Article\",\"@id\":\"https:\/\/agrovyzkum.cz\/bulletin\/vyzkum-v-chovu-skotu-1-2013\/#article\",\"isPartOf\":{\"@id\":\"https:\/\/agrovyzkum.cz\/bulletin\/vyzkum-v-chovu-skotu-1-2013\/\"},\"author\":{\"name\":\"admin\",\"@id\":\"https:\/\/agrovyzkum.cz\/bulletin\/#\/schema\/person\/28deabdd05a9ca995abc2920e61f54c3\"},\"headline\":\"V\u00fdzkum v chovu skotu 1\/2013\",\"datePublished\":\"2013-03-15T11:14:53+00:00\",\"dateModified\":\"2019-11-22T09:49:17+00:00\",\"mainEntityOfPage\":{\"@id\":\"https:\/\/agrovyzkum.cz\/bulletin\/vyzkum-v-chovu-skotu-1-2013\/\"},\"wordCount\":287,\"publisher\":{\"@id\":\"https:\/\/agrovyzkum.cz\/bulletin\/#organization\"},\"image\":{\"@id\":\"https:\/\/agrovyzkum.cz\/bulletin\/vyzkum-v-chovu-skotu-1-2013\/#primaryimage\"},\"thumbnailUrl\":\"https:\/\/agrovyzkum.cz\/bulletin\/wp-content\/uploads\/sites\/5\/2019\/11\/2013_1_slider.jpg\",\"articleSection\":[\"Arch\u00edv\",\"Rok 2013\"],\"inLanguage\":\"cs\"},{\"@type\":\"WebPage\",\"@id\":\"https:\/\/agrovyzkum.cz\/bulletin\/vyzkum-v-chovu-skotu-1-2013\/\",\"url\":\"https:\/\/agrovyzkum.cz\/bulletin\/vyzkum-v-chovu-skotu-1-2013\/\",\"name\":\"V\u00fdzkum v chovu skotu 1\/2013 | V\u00fdzkum v chovu skotu\",\"isPartOf\":{\"@id\":\"https:\/\/agrovyzkum.cz\/bulletin\/#website\"},\"primaryImageOfPage\":{\"@id\":\"https:\/\/agrovyzkum.cz\/bulletin\/vyzkum-v-chovu-skotu-1-2013\/#primaryimage\"},\"image\":{\"@id\":\"https:\/\/agrovyzkum.cz\/bulletin\/vyzkum-v-chovu-skotu-1-2013\/#primaryimage\"},\"thumbnailUrl\":\"https:\/\/agrovyzkum.cz\/bulletin\/wp-content\/uploads\/sites\/5\/2019\/11\/2013_1_slider.jpg\",\"datePublished\":\"2013-03-15T11:14:53+00:00\",\"dateModified\":\"2019-11-22T09:49:17+00:00\",\"breadcrumb\":{\"@id\":\"https:\/\/agrovyzkum.cz\/bulletin\/vyzkum-v-chovu-skotu-1-2013\/#breadcrumb\"},\"inLanguage\":\"cs\",\"potentialAction\":[{\"@type\":\"ReadAction\",\"target\":[\"https:\/\/agrovyzkum.cz\/bulletin\/vyzkum-v-chovu-skotu-1-2013\/\"]}]},{\"@type\":\"ImageObject\",\"inLanguage\":\"cs\",\"@id\":\"https:\/\/agrovyzkum.cz\/bulletin\/vyzkum-v-chovu-skotu-1-2013\/#primaryimage\",\"url\":\"https:\/\/agrovyzkum.cz\/bulletin\/wp-content\/uploads\/sites\/5\/2019\/11\/2013_1_slider.jpg\",\"contentUrl\":\"https:\/\/agrovyzkum.cz\/bulletin\/wp-content\/uploads\/sites\/5\/2019\/11\/2013_1_slider.jpg\",\"width\":1419,\"height\":407},{\"@type\":\"BreadcrumbList\",\"@id\":\"https:\/\/agrovyzkum.cz\/bulletin\/vyzkum-v-chovu-skotu-1-2013\/#breadcrumb\",\"itemListElement\":[{\"@type\":\"ListItem\",\"position\":1,\"name\":\"V\u00fdzkum v chovu skotu\",\"item\":\"https:\/\/agrovyzkum.cz\/bulletin\/\"},{\"@type\":\"ListItem\",\"position\":2,\"name\":\"Arch\u00edv\",\"item\":\"https:\/\/agrovyzkum.cz\/bulletin\/category\/archiv\/\"},{\"@type\":\"ListItem\",\"position\":3,\"name\":\"Rok 2013\",\"item\":\"https:\/\/agrovyzkum.cz\/bulletin\/category\/archiv\/rok-2013\/\"},{\"@type\":\"ListItem\",\"position\":4,\"name\":\"V\u00fdzkum v chovu skotu 1\/2013\"}]},{\"@type\":\"WebSite\",\"@id\":\"https:\/\/agrovyzkum.cz\/bulletin\/#website\",\"url\":\"https:\/\/agrovyzkum.cz\/bulletin\/\",\"name\":\"V\u00fdzkum v chovu skotu\",\"description\":\"\",\"publisher\":{\"@id\":\"https:\/\/agrovyzkum.cz\/bulletin\/#organization\"},\"potentialAction\":[{\"@type\":\"SearchAction\",\"target\":{\"@type\":\"EntryPoint\",\"urlTemplate\":\"https:\/\/agrovyzkum.cz\/bulletin\/?s={search_term_string}\"},\"query-input\":{\"@type\":\"PropertyValueSpecification\",\"valueRequired\":true,\"valueName\":\"search_term_string\"}}],\"inLanguage\":\"cs\"},{\"@type\":\"Organization\",\"@id\":\"https:\/\/agrovyzkum.cz\/bulletin\/#organization\",\"name\":\"Agrov\u00fdzkum Rapot\u00edn s.r.o.\",\"url\":\"https:\/\/agrovyzkum.cz\/bulletin\/\",\"logo\":{\"@type\":\"ImageObject\",\"inLanguage\":\"cs\",\"@id\":\"https:\/\/agrovyzkum.cz\/bulletin\/#\/schema\/logo\/image\/\",\"url\":\"https:\/\/agrovyzkum.cz\/bulletin\/wp-content\/uploads\/sites\/5\/2020\/03\/logo_agro.svg\",\"contentUrl\":\"https:\/\/agrovyzkum.cz\/bulletin\/wp-content\/uploads\/sites\/5\/2020\/03\/logo_agro.svg\",\"width\":36,\"height\":22,\"caption\":\"Agrov\u00fdzkum Rapot\u00edn s.r.o.\"},\"image\":{\"@id\":\"https:\/\/agrovyzkum.cz\/bulletin\/#\/schema\/logo\/image\/\"}},{\"@type\":\"Person\",\"@id\":\"https:\/\/agrovyzkum.cz\/bulletin\/#\/schema\/person\/28deabdd05a9ca995abc2920e61f54c3\",\"name\":\"admin\",\"image\":{\"@type\":\"ImageObject\",\"inLanguage\":\"cs\",\"@id\":\"https:\/\/agrovyzkum.cz\/bulletin\/#\/schema\/person\/image\/\",\"url\":\"https:\/\/secure.gravatar.com\/avatar\/0e156590117f7ac94936412af24e3431?s=96&d=mm&r=g\",\"contentUrl\":\"https:\/\/secure.gravatar.com\/avatar\/0e156590117f7ac94936412af24e3431?s=96&d=mm&r=g\",\"caption\":\"admin\"},\"url\":\"https:\/\/agrovyzkum.cz\/bulletin\/author\/admin\/\"}]}<\/script>\n<!-- \/ Yoast SEO plugin. -->","yoast_head_json":{"title":"V\u00fdzkum v chovu skotu 1\/2013 | V\u00fdzkum v chovu skotu","robots":{"index":"index","follow":"follow","max-snippet":"max-snippet:-1","max-image-preview":"max-image-preview:large","max-video-preview":"max-video-preview:-1"},"canonical":"https:\/\/agrovyzkum.cz\/bulletin\/vyzkum-v-chovu-skotu-1-2013\/","og_locale":"cs_CZ","og_type":"article","og_title":"V\u00fdzkum v chovu skotu 1\/2013 | V\u00fdzkum v chovu skotu","og_description":"S\u00e9rie A \u2013 P\u016fvodn\u00ed v\u011bdeck\u00e1 sd\u011blen\u00ed Strana N\u00e1zev \u010dl\u00e1nku \/ autor 2 Influence of growth stage of forages on dry matter intake of silages in heifers Vliv r\u016fstov\u00e9ho st\u00e1dia p\u00edcnin na p\u0159\u00edjem su\u0161iny sil\u00e1\u017e\u00ed u jalovic L\u00e1tal, O. \u2013 Pozd\u00ed\u0161ek, J. \u2013 \u0160t\u00fdbnarov\u00e1, M [E] 9 Hodnocen\u00ed rozd\u00edl\u016f v kvalit\u011b p\u00edce vybran\u00fdch vyset\u00fdch druh\u016f trav a jetelovin Evaluation of differences [&hellip;]","og_url":"https:\/\/agrovyzkum.cz\/bulletin\/vyzkum-v-chovu-skotu-1-2013\/","og_site_name":"V\u00fdzkum v chovu skotu","article_published_time":"2013-03-15T11:14:53+00:00","article_modified_time":"2019-11-22T09:49:17+00:00","og_image":[{"width":1419,"height":407,"url":"https:\/\/agrovyzkum.cz\/bulletin\/wp-content\/uploads\/sites\/5\/2019\/11\/2013_1_slider.jpg","type":"image\/jpeg"}],"author":"admin","twitter_card":"summary_large_image","twitter_misc":{"Napsal(a)":"admin","Odhadovan\u00e1 doba \u010dten\u00ed":"1 minuta"},"schema":{"@context":"https:\/\/schema.org","@graph":[{"@type":"Article","@id":"https:\/\/agrovyzkum.cz\/bulletin\/vyzkum-v-chovu-skotu-1-2013\/#article","isPartOf":{"@id":"https:\/\/agrovyzkum.cz\/bulletin\/vyzkum-v-chovu-skotu-1-2013\/"},"author":{"name":"admin","@id":"https:\/\/agrovyzkum.cz\/bulletin\/#\/schema\/person\/28deabdd05a9ca995abc2920e61f54c3"},"headline":"V\u00fdzkum v chovu skotu 1\/2013","datePublished":"2013-03-15T11:14:53+00:00","dateModified":"2019-11-22T09:49:17+00:00","mainEntityOfPage":{"@id":"https:\/\/agrovyzkum.cz\/bulletin\/vyzkum-v-chovu-skotu-1-2013\/"},"wordCount":287,"publisher":{"@id":"https:\/\/agrovyzkum.cz\/bulletin\/#organization"},"image":{"@id":"https:\/\/agrovyzkum.cz\/bulletin\/vyzkum-v-chovu-skotu-1-2013\/#primaryimage"},"thumbnailUrl":"https:\/\/agrovyzkum.cz\/bulletin\/wp-content\/uploads\/sites\/5\/2019\/11\/2013_1_slider.jpg","articleSection":["Arch\u00edv","Rok 2013"],"inLanguage":"cs"},{"@type":"WebPage","@id":"https:\/\/agrovyzkum.cz\/bulletin\/vyzkum-v-chovu-skotu-1-2013\/","url":"https:\/\/agrovyzkum.cz\/bulletin\/vyzkum-v-chovu-skotu-1-2013\/","name":"V\u00fdzkum v chovu skotu 1\/2013 | V\u00fdzkum v chovu skotu","isPartOf":{"@id":"https:\/\/agrovyzkum.cz\/bulletin\/#website"},"primaryImageOfPage":{"@id":"https:\/\/agrovyzkum.cz\/bulletin\/vyzkum-v-chovu-skotu-1-2013\/#primaryimage"},"image":{"@id":"https:\/\/agrovyzkum.cz\/bulletin\/vyzkum-v-chovu-skotu-1-2013\/#primaryimage"},"thumbnailUrl":"https:\/\/agrovyzkum.cz\/bulletin\/wp-content\/uploads\/sites\/5\/2019\/11\/2013_1_slider.jpg","datePublished":"2013-03-15T11:14:53+00:00","dateModified":"2019-11-22T09:49:17+00:00","breadcrumb":{"@id":"https:\/\/agrovyzkum.cz\/bulletin\/vyzkum-v-chovu-skotu-1-2013\/#breadcrumb"},"inLanguage":"cs","potentialAction":[{"@type":"ReadAction","target":["https:\/\/agrovyzkum.cz\/bulletin\/vyzkum-v-chovu-skotu-1-2013\/"]}]},{"@type":"ImageObject","inLanguage":"cs","@id":"https:\/\/agrovyzkum.cz\/bulletin\/vyzkum-v-chovu-skotu-1-2013\/#primaryimage","url":"https:\/\/agrovyzkum.cz\/bulletin\/wp-content\/uploads\/sites\/5\/2019\/11\/2013_1_slider.jpg","contentUrl":"https:\/\/agrovyzkum.cz\/bulletin\/wp-content\/uploads\/sites\/5\/2019\/11\/2013_1_slider.jpg","width":1419,"height":407},{"@type":"BreadcrumbList","@id":"https:\/\/agrovyzkum.cz\/bulletin\/vyzkum-v-chovu-skotu-1-2013\/#breadcrumb","itemListElement":[{"@type":"ListItem","position":1,"name":"V\u00fdzkum v chovu skotu","item":"https:\/\/agrovyzkum.cz\/bulletin\/"},{"@type":"ListItem","position":2,"name":"Arch\u00edv","item":"https:\/\/agrovyzkum.cz\/bulletin\/category\/archiv\/"},{"@type":"ListItem","position":3,"name":"Rok 2013","item":"https:\/\/agrovyzkum.cz\/bulletin\/category\/archiv\/rok-2013\/"},{"@type":"ListItem","position":4,"name":"V\u00fdzkum v chovu skotu 1\/2013"}]},{"@type":"WebSite","@id":"https:\/\/agrovyzkum.cz\/bulletin\/#website","url":"https:\/\/agrovyzkum.cz\/bulletin\/","name":"V\u00fdzkum v chovu skotu","description":"","publisher":{"@id":"https:\/\/agrovyzkum.cz\/bulletin\/#organization"},"potentialAction":[{"@type":"SearchAction","target":{"@type":"EntryPoint","urlTemplate":"https:\/\/agrovyzkum.cz\/bulletin\/?s={search_term_string}"},"query-input":{"@type":"PropertyValueSpecification","valueRequired":true,"valueName":"search_term_string"}}],"inLanguage":"cs"},{"@type":"Organization","@id":"https:\/\/agrovyzkum.cz\/bulletin\/#organization","name":"Agrov\u00fdzkum Rapot\u00edn s.r.o.","url":"https:\/\/agrovyzkum.cz\/bulletin\/","logo":{"@type":"ImageObject","inLanguage":"cs","@id":"https:\/\/agrovyzkum.cz\/bulletin\/#\/schema\/logo\/image\/","url":"https:\/\/agrovyzkum.cz\/bulletin\/wp-content\/uploads\/sites\/5\/2020\/03\/logo_agro.svg","contentUrl":"https:\/\/agrovyzkum.cz\/bulletin\/wp-content\/uploads\/sites\/5\/2020\/03\/logo_agro.svg","width":36,"height":22,"caption":"Agrov\u00fdzkum Rapot\u00edn s.r.o."},"image":{"@id":"https:\/\/agrovyzkum.cz\/bulletin\/#\/schema\/logo\/image\/"}},{"@type":"Person","@id":"https:\/\/agrovyzkum.cz\/bulletin\/#\/schema\/person\/28deabdd05a9ca995abc2920e61f54c3","name":"admin","image":{"@type":"ImageObject","inLanguage":"cs","@id":"https:\/\/agrovyzkum.cz\/bulletin\/#\/schema\/person\/image\/","url":"https:\/\/secure.gravatar.com\/avatar\/0e156590117f7ac94936412af24e3431?s=96&d=mm&r=g","contentUrl":"https:\/\/secure.gravatar.com\/avatar\/0e156590117f7ac94936412af24e3431?s=96&d=mm&r=g","caption":"admin"},"url":"https:\/\/agrovyzkum.cz\/bulletin\/author\/admin\/"}]}},"_links":{"self":[{"href":"https:\/\/agrovyzkum.cz\/bulletin\/wp-json\/wp\/v2\/posts\/823","targetHints":{"allow":["GET"]}}],"collection":[{"href":"https:\/\/agrovyzkum.cz\/bulletin\/wp-json\/wp\/v2\/posts"}],"about":[{"href":"https:\/\/agrovyzkum.cz\/bulletin\/wp-json\/wp\/v2\/types\/post"}],"author":[{"embeddable":true,"href":"https:\/\/agrovyzkum.cz\/bulletin\/wp-json\/wp\/v2\/users\/1"}],"replies":[{"embeddable":true,"href":"https:\/\/agrovyzkum.cz\/bulletin\/wp-json\/wp\/v2\/comments?post=823"}],"version-history":[{"count":0,"href":"https:\/\/agrovyzkum.cz\/bulletin\/wp-json\/wp\/v2\/posts\/823\/revisions"}],"wp:featuredmedia":[{"embeddable":true,"href":"https:\/\/agrovyzkum.cz\/bulletin\/wp-json\/wp\/v2\/media\/825"}],"wp:attachment":[{"href":"https:\/\/agrovyzkum.cz\/bulletin\/wp-json\/wp\/v2\/media?parent=823"}],"wp:term":[{"taxonomy":"category","embeddable":true,"href":"https:\/\/agrovyzkum.cz\/bulletin\/wp-json\/wp\/v2\/categories?post=823"},{"taxonomy":"post_tag","embeddable":true,"href":"https:\/\/agrovyzkum.cz\/bulletin\/wp-json\/wp\/v2\/tags?post=823"}],"curies":[{"name":"wp","href":"https:\/\/api.w.org\/{rel}","templated":true}]}}