{"id":715,"date":"2015-06-13T07:57:59","date_gmt":"2015-06-13T05:57:59","guid":{"rendered":"https:\/\/agrovyzkum.cz\/bulletin\/?p=715"},"modified":"2019-11-22T10:47:42","modified_gmt":"2019-11-22T09:47:42","slug":"vyzkum-v-chovu-skotu-2-2015","status":"publish","type":"post","link":"https:\/\/agrovyzkum.cz\/bulletin\/vyzkum-v-chovu-skotu-2-2015\/","title":{"rendered":"V\u00fdzkum v chovu skotu 2\/2015"},"content":{"rendered":"<div id=\"pl-715\"  class=\"panel-layout\" ><div id=\"pg-715-0\"  class=\"panel-grid panel-no-style\" ><div id=\"pgc-715-0-0\"  class=\"panel-grid-cell\" ><div id=\"panel-715-0-0-0\" class=\"so-panel widget_sow-editor panel-first-child panel-last-child\" data-index=\"0\" ><div\n\t\t\t\n\t\t\tclass=\"so-widget-sow-editor so-widget-sow-editor-base\"\n\t\t\t\n\t\t>\n<div class=\"siteorigin-widget-tinymce textwidget\">\n\t<h4>S\u00e9rie A \u2013 P\u016fvodn\u00ed v\u011bdeck\u00e1 sd\u011blen\u00ed<\/h4>\n<table  class=\" table table-hover\" style=\"width: 100%;\">\n<thead>\n<tr>\n<td style=\"width: 15%;\">Strana<\/td>\n<td style=\"width: 536px;\">N\u00e1zev \u010dl\u00e1nku \/ autor<\/td>\n<\/tr>\n<\/thead>\n<tbody>\n<tr>\n<td style=\"width: 15%;\">2<\/td>\n<td style=\"width: 536px;\"><strong>Anal\u00fdza hmotnosti telat, k\u0159ehkosti masa b\u00fdk\u016f a d\u00e9lky mezidob\u00ed u krav aberdeen-angusk\u00e9ho plemene ve vybran\u00e9 oblasti \u010cR<\/strong><\/p>\n<p>Analysis of weights of calves, beef tenderness in bulls and length of calving interval in cows of Aberdeen-Angus in the selected region in the Czech republic<\/p>\n<p><em>Dufek, A. \u2013 Vac\u00e1tko, E. \u2013 Hulov\u00e1, I. \u2013 Navr\u00e1til, L. \u2013 \u0160krob\u00e1k, F.<\/em><\/p>\n<p>[A]<\/p>\n<\/td>\n<\/tr>\n<tr>\n<td style=\"width: 15%;\">10<\/td>\n<td style=\"width: 536px;\"><strong>Srovn\u00e1n\u00ed metod stanoven\u00ed labiln\u00edho organick\u00e9ho uhl\u00edku v hork\u00e9 vod\u011b a hork\u00e9m extraktu chloridu v\u00e1penat\u00e9ho<\/strong><\/p>\n<p>Comparison of methods for determination of labile organic carbon in hot water and hot calcium chloride solution<\/p>\n<p><em>Landov\u00e1, H. \u2013 Bilo\u0161ov\u00e1, H. \u2013 Hulov\u00e1, I. \u2013 Mi\u010dov\u00e1, P.<\/em><\/p>\n<p>[A]<\/p>\n<\/td>\n<\/tr>\n<tr>\n<td style=\"width: 15%;\">18<\/td>\n<td style=\"width: 536px;\"><strong>Effect of protected conjugated linoleic acid supplement on milk yield and composition of cow's milk<\/strong><\/p>\n<p>Vliv dopl\u0148ku chr\u00e1n\u011bn\u00e9 CLA na u\u017eitkovost a slo\u017een\u00ed kravsk\u00e9ho ml\u00e9ka<\/p>\n<p><em>Vesel\u00fd, A. \u2013 Hadrov\u00e1, S. \u2013 Pavlok, S.<\/em><\/p>\n<p>[E]<\/p>\n<\/td>\n<\/tr>\n<\/tbody>\n<\/table>\n<h4>S\u00e9rie B \u2013 Odborn\u00e1 sd\u011blen\u00ed<\/h4>\n<table  class=\" table table-hover\" style=\"width: 100%;\">\n<thead>\n<tr>\n<td style=\"width: 15%;\">Strana<\/td>\n<td style=\"width: 530px;\">N\u00e1zev \u010dl\u00e1nku \/ autor<\/td>\n<\/tr>\n<\/thead>\n<tbody>\n<tr>\n<td style=\"width: 15%;\">24<\/td>\n<td style=\"width: 530px;\"><strong>K historii chovu skotu plemene Wagyu<\/strong><\/p>\n<p><em>L\u00e1tal, O. \u2013 \u0160t\u00fdbnarov\u00e1, M.<\/em><\/p>\n<p>[C]<\/p>\n<\/td>\n<\/tr>\n<tr>\n<td style=\"width: 15%;\">28<\/td>\n<td style=\"width: 530px;\"><strong>Zm\u011bna spektra mastn\u00fdch kyselin v p\u0159\u00edrodn\u00edch zraj\u00edc\u00edch s\u00fdrech metodou plynov\u00e9 chromatografie<\/strong><\/p>\n<p><em>\u0160krob\u00e1k, F. \u2013 Pachlov\u00e1, V. \u2013 Nov\u00e1kov\u00e1, Z.<\/em><\/p>\n<p>[C]<\/p>\n<\/td>\n<\/tr>\n<\/tbody>\n<\/table>\n<h4>Aktu\u00e1ln\u00ed informace<\/h4>\n<table  class=\" table table-hover\" style=\"width: 100%;\">\n<thead>\n<tr>\n<td style=\"width: 15%;\">Strana<\/td>\n<td style=\"width: 530px;\">N\u00e1zev \u010dl\u00e1nku \/ autor<\/td>\n<\/tr>\n<\/thead>\n<tbody>\n<tr>\n<td style=\"width: 15%;\">31<\/td>\n<td style=\"width: 530px;\"><strong>\u201eBCS u dojnic v souvislostech\u201c \u2013 nov\u00e1 publikace pro chovatele dojnic<\/strong><\/p>\n<p><em>K\u0159\u00ed\u017eov\u00e1, L.<\/em><\/p>\n<p>[C]<\/p>\n<\/td>\n<\/tr>\n<tr>\n<td style=\"width: 15%;\">33<\/td>\n<td style=\"width: 530px;\"><strong>Krmiva pro zv\u00ed\u0159ata \u2013 p\u0159\u00edle\u017eitost vyj\u00e1d\u0159it sv\u016fj n\u00e1zor<\/strong><\/p>\n<p><em>K\u0159\u00ed\u017eov\u00e1, L.<\/em><\/p>\n<p>[C]<\/p>\n<\/td>\n<\/tr>\n<\/tbody>\n<\/table>\n<h4>Zpr\u00e1vy z cest<\/h4>\n<table  class=\" table table-hover\" style=\"width: 100%;\">\n<thead>\n<tr>\n<td style=\"width: 15%;\" width=\"302\">Strana<\/td>\n<td width=\"302\">N\u00e1zev \u010dl\u00e1nku \/ autor<\/td>\n<\/tr>\n<\/thead>\n<tbody>\n<tr>\n<td style=\"width: 15%;\" width=\"302\">34<\/td>\n<td width=\"302\"><strong>2015 International SWAT Conference in Italy<\/strong><\/p>\n<p><em>Bradov\u00e1, M. \u2013 Such\u00e1, S.<\/em><\/p>\n<p>[C]<\/p>\n<\/td>\n<\/tr>\n<tr>\n<td style=\"width: 15%;\">37<\/td>\n<td><strong>Soil Interfaces for Sustainable Development \u2013 cestovn\u00ed zpr\u00e1va z konference<\/strong><\/p>\n<p><em>Bilo\u0161ov\u00e1, H. \u2013 Landov\u00e1, H.<\/em><\/p>\n<p>[C]<\/p>\n<\/td>\n<\/tr>\n<\/tbody>\n<\/table>\n<p>[A] \u2013 \u010cesky (anglick\u00fd abstrakt)<br \/>\n[E] \u2013 Anglicky (\u010desk\u00fd abstrakt)<br \/>\n[C] \u2013 Pouze v \u010de\u0161tin\u011b<\/p>\n<\/div>\n<\/div><\/div><\/div><div id=\"pgc-715-0-1\"  class=\"panel-grid-cell\" ><div id=\"panel-715-0-1-0\" class=\"so-panel widget_sow-image panel-first-child\" data-index=\"1\" ><div\n\t\t\t\n\t\t\tclass=\"so-widget-sow-image so-widget-sow-image-default-8b5b6f678277-715\"\n\t\t\t\n\t\t>\n<div class=\"sow-image-container\">\n\t\t<img loading=\"lazy\" decoding=\"async\" src=\"https:\/\/agrovyzkum.cz\/bulletin\/wp-content\/uploads\/sites\/5\/2019\/11\/2015_2_obalka.jpg\" width=\"699\" height=\"1000\" srcset=\"https:\/\/agrovyzkum.cz\/bulletin\/wp-content\/uploads\/sites\/5\/2019\/11\/2015_2_obalka.jpg 699w, https:\/\/agrovyzkum.cz\/bulletin\/wp-content\/uploads\/sites\/5\/2019\/11\/2015_2_obalka-210x300.jpg 210w\" sizes=\"auto, (max-width: 699px) 100vw, 699px\" alt=\"\" \t\tclass=\"so-widget-image\"\/>\n\t<\/div>\n\n<\/div><\/div><div id=\"panel-715-0-1-1\" class=\"so-panel widget_sow-editor panel-last-child\" data-index=\"2\" ><div\n\t\t\t\n\t\t\tclass=\"so-widget-sow-editor so-widget-sow-editor-base\"\n\t\t\t\n\t\t>\n<div class=\"siteorigin-widget-tinymce textwidget\">\n\t<p>\u010c\u00edslo: 2<br \/>\nRok vyd\u00e1n\u00ed: 2015<br \/>\nRo\u010dn\u00edk: LVII<br \/>\nSvazek: 208<\/p>\n<\/div>\n<\/div><\/div><\/div><\/div><\/div>","protected":false},"excerpt":{"rendered":"<p>S\u00e9rie A \u2013 P\u016fvodn\u00ed v\u011bdeck\u00e1 sd\u011blen\u00ed Strana N\u00e1zev \u010dl\u00e1nku \/ autor 2 Anal\u00fdza hmotnosti telat, k\u0159ehkosti masa b\u00fdk\u016f a d\u00e9lky mezidob\u00ed u krav aberdeen-angusk\u00e9ho plemene ve vybran\u00e9 oblasti \u010cR Analysis of weights of calves, beef tenderness in bulls and length of calving interval in cows of Aberdeen-Angus in the selected region in the Czech republic Dufek, A. \u2013 Vac\u00e1tko, E. [&hellip;]<\/p>\n","protected":false},"author":1,"featured_media":717,"comment_status":"closed","ping_status":"closed","sticky":false,"template":"","format":"standard","meta":{"inline_featured_image":false,"footnotes":""},"categories":[3,71],"tags":[],"class_list":["post-715","post","type-post","status-publish","format-standard","has-post-thumbnail","hentry","category-archiv","category-rok-2015"],"yoast_head":"<!-- This site is optimized with the Yoast SEO plugin v24.4 - https:\/\/yoast.com\/wordpress\/plugins\/seo\/ -->\n<title>V\u00fdzkum v chovu skotu 2\/2015 | V\u00fdzkum v chovu skotu<\/title>\n<meta name=\"robots\" content=\"index, follow, max-snippet:-1, max-image-preview:large, max-video-preview:-1\" \/>\n<link rel=\"canonical\" href=\"https:\/\/agrovyzkum.cz\/bulletin\/vyzkum-v-chovu-skotu-2-2015\/\" \/>\n<meta property=\"og:locale\" content=\"cs_CZ\" \/>\n<meta property=\"og:type\" content=\"article\" \/>\n<meta property=\"og:title\" content=\"V\u00fdzkum v chovu skotu 2\/2015 | V\u00fdzkum v chovu skotu\" \/>\n<meta property=\"og:description\" content=\"S\u00e9rie A \u2013 P\u016fvodn\u00ed v\u011bdeck\u00e1 sd\u011blen\u00ed Strana N\u00e1zev \u010dl\u00e1nku \/ autor 2 Anal\u00fdza hmotnosti telat, k\u0159ehkosti masa b\u00fdk\u016f a d\u00e9lky mezidob\u00ed u krav aberdeen-angusk\u00e9ho plemene ve vybran\u00e9 oblasti \u010cR Analysis of weights of calves, beef tenderness in bulls and length of calving interval in cows of Aberdeen-Angus in the selected region in the Czech republic Dufek, A. \u2013 Vac\u00e1tko, E. [&hellip;]\" \/>\n<meta property=\"og:url\" content=\"https:\/\/agrovyzkum.cz\/bulletin\/vyzkum-v-chovu-skotu-2-2015\/\" \/>\n<meta property=\"og:site_name\" content=\"V\u00fdzkum v chovu skotu\" \/>\n<meta property=\"article:published_time\" content=\"2015-06-13T05:57:59+00:00\" \/>\n<meta property=\"article:modified_time\" content=\"2019-11-22T09:47:42+00:00\" \/>\n<meta property=\"og:image\" content=\"https:\/\/agrovyzkum.cz\/bulletin\/wp-content\/uploads\/sites\/5\/2019\/11\/2015_2_slider.jpg\" \/>\n\t<meta property=\"og:image:width\" content=\"1920\" \/>\n\t<meta property=\"og:image:height\" content=\"550\" \/>\n\t<meta property=\"og:image:type\" content=\"image\/jpeg\" \/>\n<meta name=\"author\" content=\"admin\" \/>\n<meta name=\"twitter:card\" content=\"summary_large_image\" \/>\n<meta name=\"twitter:label1\" content=\"Napsal(a)\" \/>\n\t<meta name=\"twitter:data1\" content=\"admin\" \/>\n\t<meta name=\"twitter:label2\" content=\"Odhadovan\u00e1 doba \u010dten\u00ed\" \/>\n\t<meta name=\"twitter:data2\" content=\"2 minuty\" \/>\n<script type=\"application\/ld+json\" class=\"yoast-schema-graph\">{\"@context\":\"https:\/\/schema.org\",\"@graph\":[{\"@type\":\"Article\",\"@id\":\"https:\/\/agrovyzkum.cz\/bulletin\/vyzkum-v-chovu-skotu-2-2015\/#article\",\"isPartOf\":{\"@id\":\"https:\/\/agrovyzkum.cz\/bulletin\/vyzkum-v-chovu-skotu-2-2015\/\"},\"author\":{\"name\":\"admin\",\"@id\":\"https:\/\/agrovyzkum.cz\/bulletin\/#\/schema\/person\/28deabdd05a9ca995abc2920e61f54c3\"},\"headline\":\"V\u00fdzkum v chovu skotu 2\/2015\",\"datePublished\":\"2015-06-13T05:57:59+00:00\",\"dateModified\":\"2019-11-22T09:47:42+00:00\",\"mainEntityOfPage\":{\"@id\":\"https:\/\/agrovyzkum.cz\/bulletin\/vyzkum-v-chovu-skotu-2-2015\/\"},\"wordCount\":331,\"publisher\":{\"@id\":\"https:\/\/agrovyzkum.cz\/bulletin\/#organization\"},\"image\":{\"@id\":\"https:\/\/agrovyzkum.cz\/bulletin\/vyzkum-v-chovu-skotu-2-2015\/#primaryimage\"},\"thumbnailUrl\":\"https:\/\/agrovyzkum.cz\/bulletin\/wp-content\/uploads\/sites\/5\/2019\/11\/2015_2_slider.jpg\",\"articleSection\":[\"Arch\u00edv\",\"Rok 2015\"],\"inLanguage\":\"cs\"},{\"@type\":\"WebPage\",\"@id\":\"https:\/\/agrovyzkum.cz\/bulletin\/vyzkum-v-chovu-skotu-2-2015\/\",\"url\":\"https:\/\/agrovyzkum.cz\/bulletin\/vyzkum-v-chovu-skotu-2-2015\/\",\"name\":\"V\u00fdzkum v chovu skotu 2\/2015 | V\u00fdzkum v chovu skotu\",\"isPartOf\":{\"@id\":\"https:\/\/agrovyzkum.cz\/bulletin\/#website\"},\"primaryImageOfPage\":{\"@id\":\"https:\/\/agrovyzkum.cz\/bulletin\/vyzkum-v-chovu-skotu-2-2015\/#primaryimage\"},\"image\":{\"@id\":\"https:\/\/agrovyzkum.cz\/bulletin\/vyzkum-v-chovu-skotu-2-2015\/#primaryimage\"},\"thumbnailUrl\":\"https:\/\/agrovyzkum.cz\/bulletin\/wp-content\/uploads\/sites\/5\/2019\/11\/2015_2_slider.jpg\",\"datePublished\":\"2015-06-13T05:57:59+00:00\",\"dateModified\":\"2019-11-22T09:47:42+00:00\",\"breadcrumb\":{\"@id\":\"https:\/\/agrovyzkum.cz\/bulletin\/vyzkum-v-chovu-skotu-2-2015\/#breadcrumb\"},\"inLanguage\":\"cs\",\"potentialAction\":[{\"@type\":\"ReadAction\",\"target\":[\"https:\/\/agrovyzkum.cz\/bulletin\/vyzkum-v-chovu-skotu-2-2015\/\"]}]},{\"@type\":\"ImageObject\",\"inLanguage\":\"cs\",\"@id\":\"https:\/\/agrovyzkum.cz\/bulletin\/vyzkum-v-chovu-skotu-2-2015\/#primaryimage\",\"url\":\"https:\/\/agrovyzkum.cz\/bulletin\/wp-content\/uploads\/sites\/5\/2019\/11\/2015_2_slider.jpg\",\"contentUrl\":\"https:\/\/agrovyzkum.cz\/bulletin\/wp-content\/uploads\/sites\/5\/2019\/11\/2015_2_slider.jpg\",\"width\":1920,\"height\":550},{\"@type\":\"BreadcrumbList\",\"@id\":\"https:\/\/agrovyzkum.cz\/bulletin\/vyzkum-v-chovu-skotu-2-2015\/#breadcrumb\",\"itemListElement\":[{\"@type\":\"ListItem\",\"position\":1,\"name\":\"V\u00fdzkum v chovu skotu\",\"item\":\"https:\/\/agrovyzkum.cz\/bulletin\/\"},{\"@type\":\"ListItem\",\"position\":2,\"name\":\"Arch\u00edv\",\"item\":\"https:\/\/agrovyzkum.cz\/bulletin\/category\/archiv\/\"},{\"@type\":\"ListItem\",\"position\":3,\"name\":\"Rok 2015\",\"item\":\"https:\/\/agrovyzkum.cz\/bulletin\/category\/archiv\/rok-2015\/\"},{\"@type\":\"ListItem\",\"position\":4,\"name\":\"V\u00fdzkum v chovu skotu 2\/2015\"}]},{\"@type\":\"WebSite\",\"@id\":\"https:\/\/agrovyzkum.cz\/bulletin\/#website\",\"url\":\"https:\/\/agrovyzkum.cz\/bulletin\/\",\"name\":\"V\u00fdzkum v chovu skotu\",\"description\":\"\",\"publisher\":{\"@id\":\"https:\/\/agrovyzkum.cz\/bulletin\/#organization\"},\"potentialAction\":[{\"@type\":\"SearchAction\",\"target\":{\"@type\":\"EntryPoint\",\"urlTemplate\":\"https:\/\/agrovyzkum.cz\/bulletin\/?s={search_term_string}\"},\"query-input\":{\"@type\":\"PropertyValueSpecification\",\"valueRequired\":true,\"valueName\":\"search_term_string\"}}],\"inLanguage\":\"cs\"},{\"@type\":\"Organization\",\"@id\":\"https:\/\/agrovyzkum.cz\/bulletin\/#organization\",\"name\":\"Agrov\u00fdzkum Rapot\u00edn s.r.o.\",\"url\":\"https:\/\/agrovyzkum.cz\/bulletin\/\",\"logo\":{\"@type\":\"ImageObject\",\"inLanguage\":\"cs\",\"@id\":\"https:\/\/agrovyzkum.cz\/bulletin\/#\/schema\/logo\/image\/\",\"url\":\"https:\/\/agrovyzkum.cz\/bulletin\/wp-content\/uploads\/sites\/5\/2020\/03\/logo_agro.svg\",\"contentUrl\":\"https:\/\/agrovyzkum.cz\/bulletin\/wp-content\/uploads\/sites\/5\/2020\/03\/logo_agro.svg\",\"width\":36,\"height\":22,\"caption\":\"Agrov\u00fdzkum Rapot\u00edn s.r.o.\"},\"image\":{\"@id\":\"https:\/\/agrovyzkum.cz\/bulletin\/#\/schema\/logo\/image\/\"}},{\"@type\":\"Person\",\"@id\":\"https:\/\/agrovyzkum.cz\/bulletin\/#\/schema\/person\/28deabdd05a9ca995abc2920e61f54c3\",\"name\":\"admin\",\"image\":{\"@type\":\"ImageObject\",\"inLanguage\":\"cs\",\"@id\":\"https:\/\/agrovyzkum.cz\/bulletin\/#\/schema\/person\/image\/\",\"url\":\"https:\/\/secure.gravatar.com\/avatar\/0e156590117f7ac94936412af24e3431?s=96&d=mm&r=g\",\"contentUrl\":\"https:\/\/secure.gravatar.com\/avatar\/0e156590117f7ac94936412af24e3431?s=96&d=mm&r=g\",\"caption\":\"admin\"},\"url\":\"https:\/\/agrovyzkum.cz\/bulletin\/author\/admin\/\"}]}<\/script>\n<!-- \/ Yoast SEO plugin. -->","yoast_head_json":{"title":"V\u00fdzkum v chovu skotu 2\/2015 | V\u00fdzkum v chovu skotu","robots":{"index":"index","follow":"follow","max-snippet":"max-snippet:-1","max-image-preview":"max-image-preview:large","max-video-preview":"max-video-preview:-1"},"canonical":"https:\/\/agrovyzkum.cz\/bulletin\/vyzkum-v-chovu-skotu-2-2015\/","og_locale":"cs_CZ","og_type":"article","og_title":"V\u00fdzkum v chovu skotu 2\/2015 | V\u00fdzkum v chovu skotu","og_description":"S\u00e9rie A \u2013 P\u016fvodn\u00ed v\u011bdeck\u00e1 sd\u011blen\u00ed Strana N\u00e1zev \u010dl\u00e1nku \/ autor 2 Anal\u00fdza hmotnosti telat, k\u0159ehkosti masa b\u00fdk\u016f a d\u00e9lky mezidob\u00ed u krav aberdeen-angusk\u00e9ho plemene ve vybran\u00e9 oblasti \u010cR Analysis of weights of calves, beef tenderness in bulls and length of calving interval in cows of Aberdeen-Angus in the selected region in the Czech republic Dufek, A. \u2013 Vac\u00e1tko, E. [&hellip;]","og_url":"https:\/\/agrovyzkum.cz\/bulletin\/vyzkum-v-chovu-skotu-2-2015\/","og_site_name":"V\u00fdzkum v chovu skotu","article_published_time":"2015-06-13T05:57:59+00:00","article_modified_time":"2019-11-22T09:47:42+00:00","og_image":[{"width":1920,"height":550,"url":"https:\/\/agrovyzkum.cz\/bulletin\/wp-content\/uploads\/sites\/5\/2019\/11\/2015_2_slider.jpg","type":"image\/jpeg"}],"author":"admin","twitter_card":"summary_large_image","twitter_misc":{"Napsal(a)":"admin","Odhadovan\u00e1 doba \u010dten\u00ed":"2 minuty"},"schema":{"@context":"https:\/\/schema.org","@graph":[{"@type":"Article","@id":"https:\/\/agrovyzkum.cz\/bulletin\/vyzkum-v-chovu-skotu-2-2015\/#article","isPartOf":{"@id":"https:\/\/agrovyzkum.cz\/bulletin\/vyzkum-v-chovu-skotu-2-2015\/"},"author":{"name":"admin","@id":"https:\/\/agrovyzkum.cz\/bulletin\/#\/schema\/person\/28deabdd05a9ca995abc2920e61f54c3"},"headline":"V\u00fdzkum v chovu skotu 2\/2015","datePublished":"2015-06-13T05:57:59+00:00","dateModified":"2019-11-22T09:47:42+00:00","mainEntityOfPage":{"@id":"https:\/\/agrovyzkum.cz\/bulletin\/vyzkum-v-chovu-skotu-2-2015\/"},"wordCount":331,"publisher":{"@id":"https:\/\/agrovyzkum.cz\/bulletin\/#organization"},"image":{"@id":"https:\/\/agrovyzkum.cz\/bulletin\/vyzkum-v-chovu-skotu-2-2015\/#primaryimage"},"thumbnailUrl":"https:\/\/agrovyzkum.cz\/bulletin\/wp-content\/uploads\/sites\/5\/2019\/11\/2015_2_slider.jpg","articleSection":["Arch\u00edv","Rok 2015"],"inLanguage":"cs"},{"@type":"WebPage","@id":"https:\/\/agrovyzkum.cz\/bulletin\/vyzkum-v-chovu-skotu-2-2015\/","url":"https:\/\/agrovyzkum.cz\/bulletin\/vyzkum-v-chovu-skotu-2-2015\/","name":"V\u00fdzkum v chovu skotu 2\/2015 | V\u00fdzkum v chovu skotu","isPartOf":{"@id":"https:\/\/agrovyzkum.cz\/bulletin\/#website"},"primaryImageOfPage":{"@id":"https:\/\/agrovyzkum.cz\/bulletin\/vyzkum-v-chovu-skotu-2-2015\/#primaryimage"},"image":{"@id":"https:\/\/agrovyzkum.cz\/bulletin\/vyzkum-v-chovu-skotu-2-2015\/#primaryimage"},"thumbnailUrl":"https:\/\/agrovyzkum.cz\/bulletin\/wp-content\/uploads\/sites\/5\/2019\/11\/2015_2_slider.jpg","datePublished":"2015-06-13T05:57:59+00:00","dateModified":"2019-11-22T09:47:42+00:00","breadcrumb":{"@id":"https:\/\/agrovyzkum.cz\/bulletin\/vyzkum-v-chovu-skotu-2-2015\/#breadcrumb"},"inLanguage":"cs","potentialAction":[{"@type":"ReadAction","target":["https:\/\/agrovyzkum.cz\/bulletin\/vyzkum-v-chovu-skotu-2-2015\/"]}]},{"@type":"ImageObject","inLanguage":"cs","@id":"https:\/\/agrovyzkum.cz\/bulletin\/vyzkum-v-chovu-skotu-2-2015\/#primaryimage","url":"https:\/\/agrovyzkum.cz\/bulletin\/wp-content\/uploads\/sites\/5\/2019\/11\/2015_2_slider.jpg","contentUrl":"https:\/\/agrovyzkum.cz\/bulletin\/wp-content\/uploads\/sites\/5\/2019\/11\/2015_2_slider.jpg","width":1920,"height":550},{"@type":"BreadcrumbList","@id":"https:\/\/agrovyzkum.cz\/bulletin\/vyzkum-v-chovu-skotu-2-2015\/#breadcrumb","itemListElement":[{"@type":"ListItem","position":1,"name":"V\u00fdzkum v chovu skotu","item":"https:\/\/agrovyzkum.cz\/bulletin\/"},{"@type":"ListItem","position":2,"name":"Arch\u00edv","item":"https:\/\/agrovyzkum.cz\/bulletin\/category\/archiv\/"},{"@type":"ListItem","position":3,"name":"Rok 2015","item":"https:\/\/agrovyzkum.cz\/bulletin\/category\/archiv\/rok-2015\/"},{"@type":"ListItem","position":4,"name":"V\u00fdzkum v chovu skotu 2\/2015"}]},{"@type":"WebSite","@id":"https:\/\/agrovyzkum.cz\/bulletin\/#website","url":"https:\/\/agrovyzkum.cz\/bulletin\/","name":"V\u00fdzkum v chovu skotu","description":"","publisher":{"@id":"https:\/\/agrovyzkum.cz\/bulletin\/#organization"},"potentialAction":[{"@type":"SearchAction","target":{"@type":"EntryPoint","urlTemplate":"https:\/\/agrovyzkum.cz\/bulletin\/?s={search_term_string}"},"query-input":{"@type":"PropertyValueSpecification","valueRequired":true,"valueName":"search_term_string"}}],"inLanguage":"cs"},{"@type":"Organization","@id":"https:\/\/agrovyzkum.cz\/bulletin\/#organization","name":"Agrov\u00fdzkum Rapot\u00edn s.r.o.","url":"https:\/\/agrovyzkum.cz\/bulletin\/","logo":{"@type":"ImageObject","inLanguage":"cs","@id":"https:\/\/agrovyzkum.cz\/bulletin\/#\/schema\/logo\/image\/","url":"https:\/\/agrovyzkum.cz\/bulletin\/wp-content\/uploads\/sites\/5\/2020\/03\/logo_agro.svg","contentUrl":"https:\/\/agrovyzkum.cz\/bulletin\/wp-content\/uploads\/sites\/5\/2020\/03\/logo_agro.svg","width":36,"height":22,"caption":"Agrov\u00fdzkum Rapot\u00edn s.r.o."},"image":{"@id":"https:\/\/agrovyzkum.cz\/bulletin\/#\/schema\/logo\/image\/"}},{"@type":"Person","@id":"https:\/\/agrovyzkum.cz\/bulletin\/#\/schema\/person\/28deabdd05a9ca995abc2920e61f54c3","name":"admin","image":{"@type":"ImageObject","inLanguage":"cs","@id":"https:\/\/agrovyzkum.cz\/bulletin\/#\/schema\/person\/image\/","url":"https:\/\/secure.gravatar.com\/avatar\/0e156590117f7ac94936412af24e3431?s=96&d=mm&r=g","contentUrl":"https:\/\/secure.gravatar.com\/avatar\/0e156590117f7ac94936412af24e3431?s=96&d=mm&r=g","caption":"admin"},"url":"https:\/\/agrovyzkum.cz\/bulletin\/author\/admin\/"}]}},"_links":{"self":[{"href":"https:\/\/agrovyzkum.cz\/bulletin\/wp-json\/wp\/v2\/posts\/715","targetHints":{"allow":["GET"]}}],"collection":[{"href":"https:\/\/agrovyzkum.cz\/bulletin\/wp-json\/wp\/v2\/posts"}],"about":[{"href":"https:\/\/agrovyzkum.cz\/bulletin\/wp-json\/wp\/v2\/types\/post"}],"author":[{"embeddable":true,"href":"https:\/\/agrovyzkum.cz\/bulletin\/wp-json\/wp\/v2\/users\/1"}],"replies":[{"embeddable":true,"href":"https:\/\/agrovyzkum.cz\/bulletin\/wp-json\/wp\/v2\/comments?post=715"}],"version-history":[{"count":0,"href":"https:\/\/agrovyzkum.cz\/bulletin\/wp-json\/wp\/v2\/posts\/715\/revisions"}],"wp:featuredmedia":[{"embeddable":true,"href":"https:\/\/agrovyzkum.cz\/bulletin\/wp-json\/wp\/v2\/media\/717"}],"wp:attachment":[{"href":"https:\/\/agrovyzkum.cz\/bulletin\/wp-json\/wp\/v2\/media?parent=715"}],"wp:term":[{"taxonomy":"category","embeddable":true,"href":"https:\/\/agrovyzkum.cz\/bulletin\/wp-json\/wp\/v2\/categories?post=715"},{"taxonomy":"post_tag","embeddable":true,"href":"https:\/\/agrovyzkum.cz\/bulletin\/wp-json\/wp\/v2\/tags?post=715"}],"curies":[{"name":"wp","href":"https:\/\/api.w.org\/{rel}","templated":true}]}}