{"id":47,"date":"2018-12-20T19:15:56","date_gmt":"2018-12-20T18:15:56","guid":{"rendered":"https:\/\/agrovyzkum.cz\/bulletin\/?p=47"},"modified":"2019-11-22T10:44:44","modified_gmt":"2019-11-22T09:44:44","slug":"vyzkum-v-chovu-skotu-4-2018","status":"publish","type":"post","link":"https:\/\/agrovyzkum.cz\/bulletin\/vyzkum-v-chovu-skotu-4-2018\/","title":{"rendered":"V\u00fdzkum v chovu skotu 4\/2018"},"content":{"rendered":"<div id=\"pl-47\"  class=\"panel-layout\" ><div id=\"pg-47-0\"  class=\"panel-grid panel-no-style\" ><div id=\"pgc-47-0-0\"  class=\"panel-grid-cell\" ><div id=\"panel-47-0-0-0\" class=\"so-panel widget_sow-editor panel-first-child panel-last-child\" data-index=\"0\" ><div\n\t\t\t\n\t\t\tclass=\"so-widget-sow-editor so-widget-sow-editor-base\"\n\t\t\t\n\t\t>\n<div class=\"siteorigin-widget-tinymce textwidget\">\n\t<h4>S\u00e9rie A \u2013 P\u016fvodn\u00ed v\u011bdeck\u00e1 sd\u011blen\u00ed<\/h4>\n<table  class=\" table table-hover\" style=\"width: 100%;\">\n<thead>\n<tr>\n<td style=\"width: 15%;\">Strana<\/td>\n<td style=\"width: 536px;\">N\u00e1zev \u010dl\u00e1nku \/ autor<\/td>\n<\/tr>\n<\/thead>\n<tbody>\n<tr>\n<td style=\"width: 15%;\">2<\/td>\n<td style=\"width: 536px;\"><strong>Floristick\u00e9 slo\u017een\u00ed a p\u016fdn\u00ed vlastnosti travn\u00edch spole\u010denstev na Mohelensk\u00e9 hadcov\u00e9 stepi 20 let po znovuzaveden\u00ed pastvy ovc\u00ed<\/strong><\/p>\n<p>Floristic composition and soil characteristics of grass communities in the Mohelno Serpentinite Steppe 20 years after reintroduction of sheep grazing<\/p>\n<p><em>Mr\u00e1zkov\u00e1, M. \u2013 Dufek, A. \u2013 Vesel\u00fd, P. \u2013 \u010c\u00e1p, J. \u2013 Fiala, K.<\/em><\/p>\n<p>[A]<\/p>\n<\/td>\n<\/tr>\n<tr>\n<td style=\"width: 15%;\">15<\/td>\n<td style=\"width: 536px;\"><strong>Vliv za\u0159azen\u00ed sil\u00e1\u017ee luskovino-obiln\u00ed sm\u011bsky do krmn\u00e9 d\u00e1vky dojnic na tr\u017en\u00ed v\u00fdnosy v konkr\u00e9tn\u00edm zem\u011bd\u011blsk\u00e9m podniku<\/strong><\/p>\n<p>Impact of dairy cow feeding with legume-cereal mixture on market income in a specific agricultural enterprise<\/p>\n<p><em>Pon\u00ed\u017eil, A. \u2013 Hanu\u0161, O. \u2013 Pozd\u00ed\u0161ek, J. \u2013 Hu\u0148ady, I. \u2013 Ku\u010dera, J. \u2013 \u017d\u00e1k, P. \u2013 Kopeck\u00fd, J.<\/em><\/p>\n<p>[A]<\/p>\n<\/td>\n<\/tr>\n<\/tbody>\n<\/table>\n<h4>S\u00e9rie B \u2013 Odborn\u00e1 sd\u011blen\u00ed<\/h4>\n<table  class=\" table table-hover\" style=\"width: 100%;\">\n<thead>\n<tr>\n<td style=\"width: 15%;\">Strana<\/td>\n<td style=\"width: 530px;\">N\u00e1zev \u010dl\u00e1nku \/ autor<\/td>\n<\/tr>\n<\/thead>\n<tbody>\n<tr>\n<td style=\"width: 15%;\">20<\/td>\n<td style=\"width: 530px;\"><strong>Po\u0159\u00e1d\u00e1n\u00ed workshop\u016f v Rapot\u00edn\u011b ke zvy\u0161ov\u00e1n\u00ed pov\u011bdom\u00ed o hov\u011bz\u00edm mase nejvy\u0161\u0161\u00ed kvality u \u010desk\u00e9 ve\u0159ejnosti<\/strong><\/p>\n<p><em>Dufek, A.<\/em><\/p>\n<p>[C]<\/p>\n<\/td>\n<\/tr>\n<tr>\n<td style=\"width: 15%;\">27<\/td>\n<td style=\"width: 530px;\"><strong>Mikro\u0159asy ve v\u00fd\u017eiv\u011b dojnic<\/strong><\/p>\n<p>Microalgae nutrition of dairy cows<\/p>\n<p><em>Hadrov\u00e1, S.<\/em><\/p>\n<p>[A]<\/p>\n<\/td>\n<\/tr>\n<tr>\n<td style=\"width: 15%;\">32<\/td>\n<td style=\"width: 530px;\"><strong>Ekonomika v\u00fdroby ml\u00e9ka v roce 2017<\/strong><\/p>\n<p>Economics of milk production 2017<\/p>\n<p><em>Kope\u010dek, P.<\/em><\/p>\n<p>[A]<\/p>\n<\/td>\n<\/tr>\n<tr>\n<td style=\"width: 15%;\">41<\/td>\n<td style=\"width: 530px;\"><strong>Odkaz na vybran\u00e9 obrazov\u00e9 v\u00fdsledky stavu mramorov\u00e1n\u00ed masa k\u0159\u00ed\u017eenc\u016f plemene wagyu pod vlivem r\u016fzn\u00fdch hladin v\u011bku a pohlav\u00ed<\/strong><\/p>\n<p><em>Dufek, A.<\/em><\/p>\n<p>[C]<\/p>\n<\/td>\n<\/tr>\n<\/tbody>\n<\/table>\n<h4>Zpr\u00e1vy z cest<\/h4>\n<table  class=\" table table-hover\" style=\"width: 100%;\">\n<thead>\n<tr>\n<td style=\"width: 15%;\" width=\"302\">Strana<\/td>\n<td width=\"302\">N\u00e1zev \u010dl\u00e1nku \/ autor<\/td>\n<\/tr>\n<\/thead>\n<tbody>\n<tr>\n<td style=\"width: 15%;\" width=\"302\">43<\/td>\n<td width=\"302\"><strong>23rd International Limousin Congress, Denver, Colorado, USA<\/strong><\/p>\n<p><em>Kopp, O.<\/em><\/p>\n<p>[C]<\/p>\n<\/td>\n<\/tr>\n<tr>\n<td style=\"width: 15%;\" width=\"302\">45<\/td>\n<td width=\"302\"><strong>Wagyu Gala 2018<\/strong><\/p>\n<p><em>Krej\u010dov\u00e1, H. \u2013 L\u00e1tal, O.<\/em><\/p>\n<p>[C]<\/p>\n<\/td>\n<\/tr>\n<tr>\n<td style=\"width: 15%;\" width=\"302\">47<\/td>\n<td width=\"302\"><strong>Eurotier 2018<\/strong><\/p>\n<p><em>L\u00e1tal, O. \u2013 Kopp, O. \u2013 Konopa, J.<\/em><\/p>\n<p>[C]<\/p>\n<\/td>\n<\/tr>\n<\/tbody>\n<\/table>\n<p>[A] \u2013 \u010cesky (anglick\u00fd abstrakt)<br \/>\n[E] \u2013 Anglicky (\u010desk\u00fd abstrakt)<br \/>\n[C] \u2013 Pouze v \u010de\u0161tin\u011b<\/p>\n<\/div>\n<\/div><\/div><\/div><div id=\"pgc-47-0-1\"  class=\"panel-grid-cell\" ><div id=\"panel-47-0-1-0\" class=\"so-panel widget_sow-image panel-first-child\" data-index=\"1\" ><div\n\t\t\t\n\t\t\tclass=\"so-widget-sow-image so-widget-sow-image-default-8b5b6f678277-47\"\n\t\t\t\n\t\t>\n<div class=\"sow-image-container\">\n\t\t<img loading=\"lazy\" decoding=\"async\" src=\"https:\/\/agrovyzkum.cz\/bulletin\/wp-content\/uploads\/sites\/5\/2019\/01\/2018_4_obalka.jpg\" width=\"698\" height=\"1000\" srcset=\"https:\/\/agrovyzkum.cz\/bulletin\/wp-content\/uploads\/sites\/5\/2019\/01\/2018_4_obalka.jpg 698w, https:\/\/agrovyzkum.cz\/bulletin\/wp-content\/uploads\/sites\/5\/2019\/01\/2018_4_obalka-209x300.jpg 209w\" sizes=\"auto, (max-width: 698px) 100vw, 698px\" alt=\"\" \t\tclass=\"so-widget-image\"\/>\n\t<\/div>\n\n<\/div><\/div><div id=\"panel-47-0-1-1\" class=\"so-panel widget_sow-editor panel-last-child\" data-index=\"2\" ><div\n\t\t\t\n\t\t\tclass=\"so-widget-sow-editor so-widget-sow-editor-base\"\n\t\t\t\n\t\t>\n<div class=\"siteorigin-widget-tinymce textwidget\">\n\t<p>\u010c\u00edslo: 4<br \/>\nRok vyd\u00e1n\u00ed: 2018<br \/>\nRo\u010dn\u00edk: LX<br \/>\nSvazek: 222<\/p>\n<\/div>\n<\/div><\/div><\/div><\/div><\/div>","protected":false},"excerpt":{"rendered":"<p>S\u00e9rie A \u2013 P\u016fvodn\u00ed v\u011bdeck\u00e1 sd\u011blen\u00ed Strana N\u00e1zev \u010dl\u00e1nku \/ autor 2 Floristick\u00e9 slo\u017een\u00ed a p\u016fdn\u00ed vlastnosti travn\u00edch spole\u010denstev na Mohelensk\u00e9 hadcov\u00e9 stepi 20 let po znovuzaveden\u00ed pastvy ovc\u00ed Floristic composition and soil characteristics of grass communities in the Mohelno Serpentinite Steppe 20 years after reintroduction of sheep grazing Mr\u00e1zkov\u00e1, M. \u2013 Dufek, A. \u2013 Vesel\u00fd, P. \u2013 \u010c\u00e1p, J. [&hellip;]<\/p>\n","protected":false},"author":1,"featured_media":230,"comment_status":"closed","ping_status":"closed","sticky":false,"template":"","format":"standard","meta":{"inline_featured_image":false,"footnotes":""},"categories":[3,26],"tags":[],"class_list":["post-47","post","type-post","status-publish","format-standard","has-post-thumbnail","hentry","category-archiv","category-rok-2018"],"yoast_head":"<!-- This site is optimized with the Yoast SEO plugin v24.4 - https:\/\/yoast.com\/wordpress\/plugins\/seo\/ -->\n<title>V\u00fdzkum v chovu skotu 4\/2018 | V\u00fdzkum v chovu skotu<\/title>\n<meta name=\"robots\" content=\"index, follow, max-snippet:-1, max-image-preview:large, max-video-preview:-1\" \/>\n<link rel=\"canonical\" href=\"https:\/\/agrovyzkum.cz\/bulletin\/vyzkum-v-chovu-skotu-4-2018\/\" \/>\n<meta property=\"og:locale\" content=\"cs_CZ\" \/>\n<meta property=\"og:type\" content=\"article\" \/>\n<meta property=\"og:title\" content=\"V\u00fdzkum v chovu skotu 4\/2018 | V\u00fdzkum v chovu skotu\" \/>\n<meta property=\"og:description\" content=\"S\u00e9rie A \u2013 P\u016fvodn\u00ed v\u011bdeck\u00e1 sd\u011blen\u00ed Strana N\u00e1zev \u010dl\u00e1nku \/ autor 2 Floristick\u00e9 slo\u017een\u00ed a p\u016fdn\u00ed vlastnosti travn\u00edch spole\u010denstev na Mohelensk\u00e9 hadcov\u00e9 stepi 20 let po znovuzaveden\u00ed pastvy ovc\u00ed Floristic composition and soil characteristics of grass communities in the Mohelno Serpentinite Steppe 20 years after reintroduction of sheep grazing Mr\u00e1zkov\u00e1, M. \u2013 Dufek, A. \u2013 Vesel\u00fd, P. \u2013 \u010c\u00e1p, J. [&hellip;]\" \/>\n<meta property=\"og:url\" content=\"https:\/\/agrovyzkum.cz\/bulletin\/vyzkum-v-chovu-skotu-4-2018\/\" \/>\n<meta property=\"og:site_name\" content=\"V\u00fdzkum v chovu skotu\" \/>\n<meta property=\"article:published_time\" content=\"2018-12-20T18:15:56+00:00\" \/>\n<meta property=\"article:modified_time\" content=\"2019-11-22T09:44:44+00:00\" \/>\n<meta property=\"og:image\" content=\"https:\/\/agrovyzkum.cz\/bulletin\/wp-content\/uploads\/sites\/5\/2019\/08\/2018_4_slider_2.jpg\" \/>\n\t<meta property=\"og:image:width\" content=\"2754\" \/>\n\t<meta property=\"og:image:height\" content=\"789\" \/>\n\t<meta property=\"og:image:type\" content=\"image\/jpeg\" \/>\n<meta name=\"author\" content=\"admin\" \/>\n<meta name=\"twitter:card\" content=\"summary_large_image\" \/>\n<meta name=\"twitter:label1\" content=\"Napsal(a)\" \/>\n\t<meta name=\"twitter:data1\" content=\"admin\" \/>\n\t<meta name=\"twitter:label2\" content=\"Odhadovan\u00e1 doba \u010dten\u00ed\" \/>\n\t<meta name=\"twitter:data2\" content=\"1 minuta\" \/>\n<script type=\"application\/ld+json\" class=\"yoast-schema-graph\">{\"@context\":\"https:\/\/schema.org\",\"@graph\":[{\"@type\":\"Article\",\"@id\":\"https:\/\/agrovyzkum.cz\/bulletin\/vyzkum-v-chovu-skotu-4-2018\/#article\",\"isPartOf\":{\"@id\":\"https:\/\/agrovyzkum.cz\/bulletin\/vyzkum-v-chovu-skotu-4-2018\/\"},\"author\":{\"name\":\"admin\",\"@id\":\"https:\/\/agrovyzkum.cz\/bulletin\/#\/schema\/person\/28deabdd05a9ca995abc2920e61f54c3\"},\"headline\":\"V\u00fdzkum v chovu skotu 4\/2018\",\"datePublished\":\"2018-12-20T18:15:56+00:00\",\"dateModified\":\"2019-11-22T09:44:44+00:00\",\"mainEntityOfPage\":{\"@id\":\"https:\/\/agrovyzkum.cz\/bulletin\/vyzkum-v-chovu-skotu-4-2018\/\"},\"wordCount\":297,\"publisher\":{\"@id\":\"https:\/\/agrovyzkum.cz\/bulletin\/#organization\"},\"image\":{\"@id\":\"https:\/\/agrovyzkum.cz\/bulletin\/vyzkum-v-chovu-skotu-4-2018\/#primaryimage\"},\"thumbnailUrl\":\"https:\/\/agrovyzkum.cz\/bulletin\/wp-content\/uploads\/sites\/5\/2019\/08\/2018_4_slider_2.jpg\",\"articleSection\":[\"Arch\u00edv\",\"Rok 2018\"],\"inLanguage\":\"cs\"},{\"@type\":\"WebPage\",\"@id\":\"https:\/\/agrovyzkum.cz\/bulletin\/vyzkum-v-chovu-skotu-4-2018\/\",\"url\":\"https:\/\/agrovyzkum.cz\/bulletin\/vyzkum-v-chovu-skotu-4-2018\/\",\"name\":\"V\u00fdzkum v chovu skotu 4\/2018 | V\u00fdzkum v chovu skotu\",\"isPartOf\":{\"@id\":\"https:\/\/agrovyzkum.cz\/bulletin\/#website\"},\"primaryImageOfPage\":{\"@id\":\"https:\/\/agrovyzkum.cz\/bulletin\/vyzkum-v-chovu-skotu-4-2018\/#primaryimage\"},\"image\":{\"@id\":\"https:\/\/agrovyzkum.cz\/bulletin\/vyzkum-v-chovu-skotu-4-2018\/#primaryimage\"},\"thumbnailUrl\":\"https:\/\/agrovyzkum.cz\/bulletin\/wp-content\/uploads\/sites\/5\/2019\/08\/2018_4_slider_2.jpg\",\"datePublished\":\"2018-12-20T18:15:56+00:00\",\"dateModified\":\"2019-11-22T09:44:44+00:00\",\"breadcrumb\":{\"@id\":\"https:\/\/agrovyzkum.cz\/bulletin\/vyzkum-v-chovu-skotu-4-2018\/#breadcrumb\"},\"inLanguage\":\"cs\",\"potentialAction\":[{\"@type\":\"ReadAction\",\"target\":[\"https:\/\/agrovyzkum.cz\/bulletin\/vyzkum-v-chovu-skotu-4-2018\/\"]}]},{\"@type\":\"ImageObject\",\"inLanguage\":\"cs\",\"@id\":\"https:\/\/agrovyzkum.cz\/bulletin\/vyzkum-v-chovu-skotu-4-2018\/#primaryimage\",\"url\":\"https:\/\/agrovyzkum.cz\/bulletin\/wp-content\/uploads\/sites\/5\/2019\/08\/2018_4_slider_2.jpg\",\"contentUrl\":\"https:\/\/agrovyzkum.cz\/bulletin\/wp-content\/uploads\/sites\/5\/2019\/08\/2018_4_slider_2.jpg\",\"width\":2754,\"height\":789},{\"@type\":\"BreadcrumbList\",\"@id\":\"https:\/\/agrovyzkum.cz\/bulletin\/vyzkum-v-chovu-skotu-4-2018\/#breadcrumb\",\"itemListElement\":[{\"@type\":\"ListItem\",\"position\":1,\"name\":\"V\u00fdzkum v chovu skotu\",\"item\":\"https:\/\/agrovyzkum.cz\/bulletin\/\"},{\"@type\":\"ListItem\",\"position\":2,\"name\":\"Arch\u00edv\",\"item\":\"https:\/\/agrovyzkum.cz\/bulletin\/category\/archiv\/\"},{\"@type\":\"ListItem\",\"position\":3,\"name\":\"Rok 2018\",\"item\":\"https:\/\/agrovyzkum.cz\/bulletin\/category\/archiv\/rok-2018\/\"},{\"@type\":\"ListItem\",\"position\":4,\"name\":\"V\u00fdzkum v chovu skotu 4\/2018\"}]},{\"@type\":\"WebSite\",\"@id\":\"https:\/\/agrovyzkum.cz\/bulletin\/#website\",\"url\":\"https:\/\/agrovyzkum.cz\/bulletin\/\",\"name\":\"V\u00fdzkum v chovu skotu\",\"description\":\"\",\"publisher\":{\"@id\":\"https:\/\/agrovyzkum.cz\/bulletin\/#organization\"},\"potentialAction\":[{\"@type\":\"SearchAction\",\"target\":{\"@type\":\"EntryPoint\",\"urlTemplate\":\"https:\/\/agrovyzkum.cz\/bulletin\/?s={search_term_string}\"},\"query-input\":{\"@type\":\"PropertyValueSpecification\",\"valueRequired\":true,\"valueName\":\"search_term_string\"}}],\"inLanguage\":\"cs\"},{\"@type\":\"Organization\",\"@id\":\"https:\/\/agrovyzkum.cz\/bulletin\/#organization\",\"name\":\"Agrov\u00fdzkum Rapot\u00edn s.r.o.\",\"url\":\"https:\/\/agrovyzkum.cz\/bulletin\/\",\"logo\":{\"@type\":\"ImageObject\",\"inLanguage\":\"cs\",\"@id\":\"https:\/\/agrovyzkum.cz\/bulletin\/#\/schema\/logo\/image\/\",\"url\":\"https:\/\/agrovyzkum.cz\/bulletin\/wp-content\/uploads\/sites\/5\/2020\/03\/logo_agro.svg\",\"contentUrl\":\"https:\/\/agrovyzkum.cz\/bulletin\/wp-content\/uploads\/sites\/5\/2020\/03\/logo_agro.svg\",\"width\":36,\"height\":22,\"caption\":\"Agrov\u00fdzkum Rapot\u00edn s.r.o.\"},\"image\":{\"@id\":\"https:\/\/agrovyzkum.cz\/bulletin\/#\/schema\/logo\/image\/\"}},{\"@type\":\"Person\",\"@id\":\"https:\/\/agrovyzkum.cz\/bulletin\/#\/schema\/person\/28deabdd05a9ca995abc2920e61f54c3\",\"name\":\"admin\",\"image\":{\"@type\":\"ImageObject\",\"inLanguage\":\"cs\",\"@id\":\"https:\/\/agrovyzkum.cz\/bulletin\/#\/schema\/person\/image\/\",\"url\":\"https:\/\/secure.gravatar.com\/avatar\/0e156590117f7ac94936412af24e3431?s=96&d=mm&r=g\",\"contentUrl\":\"https:\/\/secure.gravatar.com\/avatar\/0e156590117f7ac94936412af24e3431?s=96&d=mm&r=g\",\"caption\":\"admin\"},\"url\":\"https:\/\/agrovyzkum.cz\/bulletin\/author\/admin\/\"}]}<\/script>\n<!-- \/ Yoast SEO plugin. -->","yoast_head_json":{"title":"V\u00fdzkum v chovu skotu 4\/2018 | V\u00fdzkum v chovu skotu","robots":{"index":"index","follow":"follow","max-snippet":"max-snippet:-1","max-image-preview":"max-image-preview:large","max-video-preview":"max-video-preview:-1"},"canonical":"https:\/\/agrovyzkum.cz\/bulletin\/vyzkum-v-chovu-skotu-4-2018\/","og_locale":"cs_CZ","og_type":"article","og_title":"V\u00fdzkum v chovu skotu 4\/2018 | V\u00fdzkum v chovu skotu","og_description":"S\u00e9rie A \u2013 P\u016fvodn\u00ed v\u011bdeck\u00e1 sd\u011blen\u00ed Strana N\u00e1zev \u010dl\u00e1nku \/ autor 2 Floristick\u00e9 slo\u017een\u00ed a p\u016fdn\u00ed vlastnosti travn\u00edch spole\u010denstev na Mohelensk\u00e9 hadcov\u00e9 stepi 20 let po znovuzaveden\u00ed pastvy ovc\u00ed Floristic composition and soil characteristics of grass communities in the Mohelno Serpentinite Steppe 20 years after reintroduction of sheep grazing Mr\u00e1zkov\u00e1, M. \u2013 Dufek, A. \u2013 Vesel\u00fd, P. \u2013 \u010c\u00e1p, J. [&hellip;]","og_url":"https:\/\/agrovyzkum.cz\/bulletin\/vyzkum-v-chovu-skotu-4-2018\/","og_site_name":"V\u00fdzkum v chovu skotu","article_published_time":"2018-12-20T18:15:56+00:00","article_modified_time":"2019-11-22T09:44:44+00:00","og_image":[{"width":2754,"height":789,"url":"https:\/\/agrovyzkum.cz\/bulletin\/wp-content\/uploads\/sites\/5\/2019\/08\/2018_4_slider_2.jpg","type":"image\/jpeg"}],"author":"admin","twitter_card":"summary_large_image","twitter_misc":{"Napsal(a)":"admin","Odhadovan\u00e1 doba \u010dten\u00ed":"1 minuta"},"schema":{"@context":"https:\/\/schema.org","@graph":[{"@type":"Article","@id":"https:\/\/agrovyzkum.cz\/bulletin\/vyzkum-v-chovu-skotu-4-2018\/#article","isPartOf":{"@id":"https:\/\/agrovyzkum.cz\/bulletin\/vyzkum-v-chovu-skotu-4-2018\/"},"author":{"name":"admin","@id":"https:\/\/agrovyzkum.cz\/bulletin\/#\/schema\/person\/28deabdd05a9ca995abc2920e61f54c3"},"headline":"V\u00fdzkum v chovu skotu 4\/2018","datePublished":"2018-12-20T18:15:56+00:00","dateModified":"2019-11-22T09:44:44+00:00","mainEntityOfPage":{"@id":"https:\/\/agrovyzkum.cz\/bulletin\/vyzkum-v-chovu-skotu-4-2018\/"},"wordCount":297,"publisher":{"@id":"https:\/\/agrovyzkum.cz\/bulletin\/#organization"},"image":{"@id":"https:\/\/agrovyzkum.cz\/bulletin\/vyzkum-v-chovu-skotu-4-2018\/#primaryimage"},"thumbnailUrl":"https:\/\/agrovyzkum.cz\/bulletin\/wp-content\/uploads\/sites\/5\/2019\/08\/2018_4_slider_2.jpg","articleSection":["Arch\u00edv","Rok 2018"],"inLanguage":"cs"},{"@type":"WebPage","@id":"https:\/\/agrovyzkum.cz\/bulletin\/vyzkum-v-chovu-skotu-4-2018\/","url":"https:\/\/agrovyzkum.cz\/bulletin\/vyzkum-v-chovu-skotu-4-2018\/","name":"V\u00fdzkum v chovu skotu 4\/2018 | V\u00fdzkum v chovu skotu","isPartOf":{"@id":"https:\/\/agrovyzkum.cz\/bulletin\/#website"},"primaryImageOfPage":{"@id":"https:\/\/agrovyzkum.cz\/bulletin\/vyzkum-v-chovu-skotu-4-2018\/#primaryimage"},"image":{"@id":"https:\/\/agrovyzkum.cz\/bulletin\/vyzkum-v-chovu-skotu-4-2018\/#primaryimage"},"thumbnailUrl":"https:\/\/agrovyzkum.cz\/bulletin\/wp-content\/uploads\/sites\/5\/2019\/08\/2018_4_slider_2.jpg","datePublished":"2018-12-20T18:15:56+00:00","dateModified":"2019-11-22T09:44:44+00:00","breadcrumb":{"@id":"https:\/\/agrovyzkum.cz\/bulletin\/vyzkum-v-chovu-skotu-4-2018\/#breadcrumb"},"inLanguage":"cs","potentialAction":[{"@type":"ReadAction","target":["https:\/\/agrovyzkum.cz\/bulletin\/vyzkum-v-chovu-skotu-4-2018\/"]}]},{"@type":"ImageObject","inLanguage":"cs","@id":"https:\/\/agrovyzkum.cz\/bulletin\/vyzkum-v-chovu-skotu-4-2018\/#primaryimage","url":"https:\/\/agrovyzkum.cz\/bulletin\/wp-content\/uploads\/sites\/5\/2019\/08\/2018_4_slider_2.jpg","contentUrl":"https:\/\/agrovyzkum.cz\/bulletin\/wp-content\/uploads\/sites\/5\/2019\/08\/2018_4_slider_2.jpg","width":2754,"height":789},{"@type":"BreadcrumbList","@id":"https:\/\/agrovyzkum.cz\/bulletin\/vyzkum-v-chovu-skotu-4-2018\/#breadcrumb","itemListElement":[{"@type":"ListItem","position":1,"name":"V\u00fdzkum v chovu skotu","item":"https:\/\/agrovyzkum.cz\/bulletin\/"},{"@type":"ListItem","position":2,"name":"Arch\u00edv","item":"https:\/\/agrovyzkum.cz\/bulletin\/category\/archiv\/"},{"@type":"ListItem","position":3,"name":"Rok 2018","item":"https:\/\/agrovyzkum.cz\/bulletin\/category\/archiv\/rok-2018\/"},{"@type":"ListItem","position":4,"name":"V\u00fdzkum v chovu skotu 4\/2018"}]},{"@type":"WebSite","@id":"https:\/\/agrovyzkum.cz\/bulletin\/#website","url":"https:\/\/agrovyzkum.cz\/bulletin\/","name":"V\u00fdzkum v chovu skotu","description":"","publisher":{"@id":"https:\/\/agrovyzkum.cz\/bulletin\/#organization"},"potentialAction":[{"@type":"SearchAction","target":{"@type":"EntryPoint","urlTemplate":"https:\/\/agrovyzkum.cz\/bulletin\/?s={search_term_string}"},"query-input":{"@type":"PropertyValueSpecification","valueRequired":true,"valueName":"search_term_string"}}],"inLanguage":"cs"},{"@type":"Organization","@id":"https:\/\/agrovyzkum.cz\/bulletin\/#organization","name":"Agrov\u00fdzkum Rapot\u00edn s.r.o.","url":"https:\/\/agrovyzkum.cz\/bulletin\/","logo":{"@type":"ImageObject","inLanguage":"cs","@id":"https:\/\/agrovyzkum.cz\/bulletin\/#\/schema\/logo\/image\/","url":"https:\/\/agrovyzkum.cz\/bulletin\/wp-content\/uploads\/sites\/5\/2020\/03\/logo_agro.svg","contentUrl":"https:\/\/agrovyzkum.cz\/bulletin\/wp-content\/uploads\/sites\/5\/2020\/03\/logo_agro.svg","width":36,"height":22,"caption":"Agrov\u00fdzkum Rapot\u00edn s.r.o."},"image":{"@id":"https:\/\/agrovyzkum.cz\/bulletin\/#\/schema\/logo\/image\/"}},{"@type":"Person","@id":"https:\/\/agrovyzkum.cz\/bulletin\/#\/schema\/person\/28deabdd05a9ca995abc2920e61f54c3","name":"admin","image":{"@type":"ImageObject","inLanguage":"cs","@id":"https:\/\/agrovyzkum.cz\/bulletin\/#\/schema\/person\/image\/","url":"https:\/\/secure.gravatar.com\/avatar\/0e156590117f7ac94936412af24e3431?s=96&d=mm&r=g","contentUrl":"https:\/\/secure.gravatar.com\/avatar\/0e156590117f7ac94936412af24e3431?s=96&d=mm&r=g","caption":"admin"},"url":"https:\/\/agrovyzkum.cz\/bulletin\/author\/admin\/"}]}},"_links":{"self":[{"href":"https:\/\/agrovyzkum.cz\/bulletin\/wp-json\/wp\/v2\/posts\/47","targetHints":{"allow":["GET"]}}],"collection":[{"href":"https:\/\/agrovyzkum.cz\/bulletin\/wp-json\/wp\/v2\/posts"}],"about":[{"href":"https:\/\/agrovyzkum.cz\/bulletin\/wp-json\/wp\/v2\/types\/post"}],"author":[{"embeddable":true,"href":"https:\/\/agrovyzkum.cz\/bulletin\/wp-json\/wp\/v2\/users\/1"}],"replies":[{"embeddable":true,"href":"https:\/\/agrovyzkum.cz\/bulletin\/wp-json\/wp\/v2\/comments?post=47"}],"version-history":[{"count":0,"href":"https:\/\/agrovyzkum.cz\/bulletin\/wp-json\/wp\/v2\/posts\/47\/revisions"}],"wp:featuredmedia":[{"embeddable":true,"href":"https:\/\/agrovyzkum.cz\/bulletin\/wp-json\/wp\/v2\/media\/230"}],"wp:attachment":[{"href":"https:\/\/agrovyzkum.cz\/bulletin\/wp-json\/wp\/v2\/media?parent=47"}],"wp:term":[{"taxonomy":"category","embeddable":true,"href":"https:\/\/agrovyzkum.cz\/bulletin\/wp-json\/wp\/v2\/categories?post=47"},{"taxonomy":"post_tag","embeddable":true,"href":"https:\/\/agrovyzkum.cz\/bulletin\/wp-json\/wp\/v2\/tags?post=47"}],"curies":[{"name":"wp","href":"https:\/\/api.w.org\/{rel}","templated":true}]}}