{"id":442,"date":"2018-06-12T12:50:06","date_gmt":"2018-06-12T10:50:06","guid":{"rendered":"https:\/\/agrovyzkum.cz\/bulletin\/?p=442"},"modified":"2019-11-22T11:04:10","modified_gmt":"2019-11-22T10:04:10","slug":"cattle-research-2-2018","status":"publish","type":"post","link":"https:\/\/agrovyzkum.cz\/bulletin\/en\/cattle-research-2-2018\/","title":{"rendered":"Cattle Research 2\/2018"},"content":{"rendered":"<div id=\"pl-442\"  class=\"panel-layout\" ><div id=\"pg-442-0\"  class=\"panel-grid panel-no-style\" ><div id=\"pgc-442-0-0\"  class=\"panel-grid-cell\" ><div id=\"panel-442-0-0-0\" class=\"so-panel widget_sow-editor panel-first-child panel-last-child\" data-index=\"0\" ><div\n\t\t\t\n\t\t\tclass=\"so-widget-sow-editor so-widget-sow-editor-base\"\n\t\t\t\n\t\t>\n<div class=\"siteorigin-widget-tinymce textwidget\">\n\t<h4>Series A \u2013 Original scientific papers<\/h4>\n<table  class=\" table table-hover\" style=\"width: 100%;\">\n<thead>\n<tr>\n<td style=\"width: 15%;\">Page<\/td>\n<td style=\"width: 536px;\">Title \/ Author<\/td>\n<\/tr>\n<\/thead>\n<tbody>\n<tr>\n<td style=\"width: 15%;\">2<\/td>\n<td style=\"width: 536px;\"><strong>Vztah klinick\u00e9 mastitidy, nemoc\u00ed pazneht\u016f a exteri\u00e9ru u dojnic hol\u0161t\u00fdnsk\u00e9ho skotu<\/strong><\/p>\n<p>Genetic relationship between clinical mastitis, claw disorders and exterior traits in Holstein cattle<\/p>\n<p><em>Zavadilov\u00e1, L. \u2013 Ka\u0161n\u00e1, E. \u2013 Fleischer, P. \u2013 Krupa, E. \u2013 \u0160t\u00edpkov\u00e1, M. \u2013 Krej\u010dov\u00e1, M.<\/em><\/p>\n<p>[A]<\/p>\n<\/td>\n<\/tr>\n<tr>\n<td style=\"width: 15%;\">13<\/td>\n<td style=\"width: 536px;\"><strong>Kvalita masa b\u00fdk\u016f-k\u0159\u00ed\u017eenc\u016f plemene wagyu por\u00e1\u017een\u00fdch ve dvou v\u011bkov\u00fdch skupin\u00e1ch z extenzivn\u00edho chovu<\/strong><\/p>\n<p>Meat quality in two slaughter-age groups of Wagyu-sired bulls from an extensive farm<\/p>\n<p><em>Dufek, A. \u2013 Vesel\u00fd, A. \u2013 Vac\u00e1tko, E. \u2013 L\u00e1tal, O.<\/em><\/p>\n<p>[A]<\/p>\n<\/td>\n<\/tr>\n<\/tbody>\n<\/table>\n<h4>Series B \u2013 Technical papers<\/h4>\n<table  class=\" table table-hover\" style=\"width: 99.4645%;\">\n<thead>\n<tr>\n<td style=\"width: 14.9933%;\">Page<\/td>\n<td style=\"width: 84.4712%;\">Title \/ Author<\/td>\n<\/tr>\n<\/thead>\n<tbody>\n<tr>\n<td style=\"width: 14.9933%;\">24<\/td>\n<td style=\"width: 84.4712%;\"><strong>Pastevn\u00ed tetanie \u2013 60 let zn\u00e1m\u00e9ho (?) pom\u011bru. II. Transfer ho\u0159\u010d\u00edku z p\u016fdy do rostliny a organizmu p\u0159e\u017ev\u00fdkavc\u016f.<\/strong><\/p>\n<p><em>Fiala, K.<\/em><\/p>\n<p>[C]<\/p>\n<\/td>\n<\/tr>\n<tr>\n<td style=\"width: 14.9933%;\">33<\/td>\n<td style=\"width: 84.4712%;\"><strong>Sledov\u00e1n\u00ed vlivu nisinu na p\u0159\u00edtomnost patogenn\u00edch mikroorganism\u016f v mase \u2013 review<\/strong><\/p>\n<p>Monitoring the effect of nisin on the presence of pathogenic microorganisms in the meat \u2013 A review<\/p>\n<p><em>Koval\u010d\u00edkov\u00e1, Z.<\/em><\/p>\n<p>[A]<\/p>\n<\/td>\n<\/tr>\n<tr>\n<td style=\"width: 14.9933%;\">37<\/td>\n<td style=\"width: 84.4712%;\"><strong>Mramorov\u00e1n\u00ed masa<\/strong><\/p>\n<p><em>Krej\u010dov\u00e1, H.<\/em><\/p>\n<p>[C]<\/p>\n<\/td>\n<\/tr>\n<tr>\n<td style=\"width: 14.9933%;\">41<\/td>\n<td style=\"width: 84.4712%;\"><strong>Problematika sucha v \u010cesk\u00e9 republice a webov\u00fd port\u00e1l Intersucho<\/strong><\/p>\n<p><em>Za\u010dalov\u00e1, M. \u2013 Mr\u00e1zkov\u00e1, M.<\/em><\/p>\n<p>[C]<\/p>\n<\/td>\n<\/tr>\n<\/tbody>\n<\/table>\n<h4>Conferences reports<\/h4>\n<table  class=\" table table-hover\" style=\"width: 99.4645%;\">\n<thead>\n<tr>\n<td style=\"width: 14.9933%;\">Page<\/td>\n<td style=\"width: 84.4712%;\">Title \/ Author<\/td>\n<\/tr>\n<\/thead>\n<tbody>\n<tr>\n<td style=\"width: 14.9933%;\" width=\"302\">45<\/td>\n<td style=\"width: 84.4712%;\" width=\"302\"><strong>\u201eHorizon 2020 Info Day on Societal Challenge 2 calls for proposals of 2019\u201c a \u201eBioHorizon SC2 and KET-B Brokerage Event\u201c<\/strong><\/p>\n<p><em>Kopp, O. \u2013 Mikiskov\u00e1, J.<\/em><\/p>\n<p>[C]<\/p>\n<\/td>\n<\/tr>\n<tr>\n<td style=\"width: 14.9933%;\" width=\"302\">47<\/td>\n<td style=\"width: 84.4712%;\" width=\"302\"><strong>17<sup>th<\/sup> International Scientific Conference \u201eEngineering for Rural Development\u201c<\/strong><\/p>\n<p><em>L\u00e1tal, O.<\/em><\/p>\n<p>[C]<\/p>\n<\/td>\n<\/tr>\n<\/tbody>\n<\/table>\n<p>[A] \u2013 Czech (English abstract)<br \/>\n[E] \u2013 English (Czech abstract)<br \/>\n[C] \u2013 Czech only<\/p>\n<\/div>\n<\/div><\/div><\/div><div id=\"pgc-442-0-1\"  class=\"panel-grid-cell\" ><div id=\"panel-442-0-1-0\" class=\"so-panel widget_sow-image panel-first-child\" data-index=\"1\" ><div\n\t\t\t\n\t\t\tclass=\"so-widget-sow-image so-widget-sow-image-default-8b5b6f678277-442\"\n\t\t\t\n\t\t>\n<div class=\"sow-image-container\">\n\t\t<img loading=\"lazy\" decoding=\"async\" src=\"https:\/\/agrovyzkum.cz\/bulletin\/wp-content\/uploads\/sites\/5\/2018\/09\/2018_2_obalka.jpg\" width=\"699\" height=\"1000\" srcset=\"https:\/\/agrovyzkum.cz\/bulletin\/wp-content\/uploads\/sites\/5\/2018\/09\/2018_2_obalka.jpg 699w, https:\/\/agrovyzkum.cz\/bulletin\/wp-content\/uploads\/sites\/5\/2018\/09\/2018_2_obalka-210x300.jpg 210w\" sizes=\"auto, (max-width: 699px) 100vw, 699px\" alt=\"\" \t\tclass=\"so-widget-image\"\/>\n\t<\/div>\n\n<\/div><\/div><div id=\"panel-442-0-1-1\" class=\"so-panel widget_sow-editor panel-last-child\" data-index=\"2\" ><div\n\t\t\t\n\t\t\tclass=\"so-widget-sow-editor so-widget-sow-editor-base\"\n\t\t\t\n\t\t>\n<div class=\"siteorigin-widget-tinymce textwidget\">\n\t<p>Issue: 2<br \/>\nYear: 2018<br \/>\nVolume: LX<br \/>\nNumber: 220<\/p>\n<\/div>\n<\/div><\/div><\/div><\/div><\/div>","protected":false},"excerpt":{"rendered":"<p>Series A \u2013 Original scientific papers Page Title \/ Author 2 Vztah klinick\u00e9 mastitidy, nemoc\u00ed pazneht\u016f a exteri\u00e9ru u dojnic hol\u0161t\u00fdnsk\u00e9ho skotu Genetic relationship between clinical mastitis, claw disorders and exterior traits in Holstein cattle Zavadilov\u00e1, L. \u2013 Ka\u0161n\u00e1, E. \u2013 Fleischer, P. \u2013 Krupa, E. \u2013 \u0160t\u00edpkov\u00e1, M. \u2013 Krej\u010dov\u00e1, M. [A] 13 Kvalita masa b\u00fdk\u016f-k\u0159\u00ed\u017eenc\u016f plemene wagyu por\u00e1\u017een\u00fdch [&hellip;]<\/p>\n","protected":false},"author":1,"featured_media":252,"comment_status":"closed","ping_status":"closed","sticky":false,"template":"","format":"standard","meta":{"inline_featured_image":false,"footnotes":""},"categories":[37,43],"tags":[],"class_list":["post-442","post","type-post","status-publish","format-standard","has-post-thumbnail","hentry","category-archive","category-year-2018"],"yoast_head":"<!-- This site is optimized with the Yoast SEO plugin v24.4 - https:\/\/yoast.com\/wordpress\/plugins\/seo\/ -->\n<title>Cattle Research 2\/2018 | V\u00fdzkum v chovu skotu<\/title>\n<meta name=\"robots\" content=\"index, follow, max-snippet:-1, max-image-preview:large, max-video-preview:-1\" \/>\n<link rel=\"canonical\" href=\"https:\/\/agrovyzkum.cz\/bulletin\/en\/cattle-research-2-2018\/\" \/>\n<meta property=\"og:locale\" content=\"cs_CZ\" \/>\n<meta property=\"og:type\" content=\"article\" \/>\n<meta property=\"og:title\" content=\"Cattle Research 2\/2018 | V\u00fdzkum v chovu skotu\" \/>\n<meta property=\"og:description\" content=\"Series A \u2013 Original scientific papers Page Title \/ Author 2 Vztah klinick\u00e9 mastitidy, nemoc\u00ed pazneht\u016f a exteri\u00e9ru u dojnic hol\u0161t\u00fdnsk\u00e9ho skotu Genetic relationship between clinical mastitis, claw disorders and exterior traits in Holstein cattle Zavadilov\u00e1, L. \u2013 Ka\u0161n\u00e1, E. \u2013 Fleischer, P. \u2013 Krupa, E. \u2013 \u0160t\u00edpkov\u00e1, M. \u2013 Krej\u010dov\u00e1, M. [A] 13 Kvalita masa b\u00fdk\u016f-k\u0159\u00ed\u017eenc\u016f plemene wagyu por\u00e1\u017een\u00fdch [&hellip;]\" \/>\n<meta property=\"og:url\" content=\"https:\/\/agrovyzkum.cz\/bulletin\/en\/cattle-research-2-2018\/\" \/>\n<meta property=\"og:site_name\" content=\"V\u00fdzkum v chovu skotu\" \/>\n<meta property=\"article:published_time\" content=\"2018-06-12T10:50:06+00:00\" \/>\n<meta property=\"article:modified_time\" content=\"2019-11-22T10:04:10+00:00\" \/>\n<meta property=\"og:image\" content=\"https:\/\/agrovyzkum.cz\/bulletin\/wp-content\/uploads\/sites\/5\/2018\/09\/2018_2_slider.jpg\" \/>\n\t<meta property=\"og:image:width\" content=\"1920\" \/>\n\t<meta property=\"og:image:height\" content=\"550\" \/>\n\t<meta property=\"og:image:type\" content=\"image\/jpeg\" \/>\n<meta name=\"author\" content=\"admin\" \/>\n<meta name=\"twitter:card\" content=\"summary_large_image\" \/>\n<meta name=\"twitter:label1\" content=\"Napsal(a)\" \/>\n\t<meta name=\"twitter:data1\" content=\"admin\" \/>\n\t<meta name=\"twitter:label2\" content=\"Odhadovan\u00e1 doba \u010dten\u00ed\" \/>\n\t<meta name=\"twitter:data2\" content=\"1 minuta\" \/>\n<script type=\"application\/ld+json\" class=\"yoast-schema-graph\">{\"@context\":\"https:\/\/schema.org\",\"@graph\":[{\"@type\":\"Article\",\"@id\":\"https:\/\/agrovyzkum.cz\/bulletin\/en\/cattle-research-2-2018\/#article\",\"isPartOf\":{\"@id\":\"https:\/\/agrovyzkum.cz\/bulletin\/en\/cattle-research-2-2018\/\"},\"author\":{\"name\":\"admin\",\"@id\":\"https:\/\/agrovyzkum.cz\/bulletin\/#\/schema\/person\/28deabdd05a9ca995abc2920e61f54c3\"},\"headline\":\"Cattle Research 2\/2018\",\"datePublished\":\"2018-06-12T10:50:06+00:00\",\"dateModified\":\"2019-11-22T10:04:10+00:00\",\"mainEntityOfPage\":{\"@id\":\"https:\/\/agrovyzkum.cz\/bulletin\/en\/cattle-research-2-2018\/\"},\"wordCount\":254,\"publisher\":{\"@id\":\"https:\/\/agrovyzkum.cz\/bulletin\/#organization\"},\"image\":{\"@id\":\"https:\/\/agrovyzkum.cz\/bulletin\/en\/cattle-research-2-2018\/#primaryimage\"},\"thumbnailUrl\":\"https:\/\/agrovyzkum.cz\/bulletin\/wp-content\/uploads\/sites\/5\/2018\/09\/2018_2_slider.jpg\",\"articleSection\":[\"Archive\",\"Year 2018\"],\"inLanguage\":\"cs\"},{\"@type\":\"WebPage\",\"@id\":\"https:\/\/agrovyzkum.cz\/bulletin\/en\/cattle-research-2-2018\/\",\"url\":\"https:\/\/agrovyzkum.cz\/bulletin\/en\/cattle-research-2-2018\/\",\"name\":\"Cattle Research 2\/2018 | V\u00fdzkum v chovu skotu\",\"isPartOf\":{\"@id\":\"https:\/\/agrovyzkum.cz\/bulletin\/#website\"},\"primaryImageOfPage\":{\"@id\":\"https:\/\/agrovyzkum.cz\/bulletin\/en\/cattle-research-2-2018\/#primaryimage\"},\"image\":{\"@id\":\"https:\/\/agrovyzkum.cz\/bulletin\/en\/cattle-research-2-2018\/#primaryimage\"},\"thumbnailUrl\":\"https:\/\/agrovyzkum.cz\/bulletin\/wp-content\/uploads\/sites\/5\/2018\/09\/2018_2_slider.jpg\",\"datePublished\":\"2018-06-12T10:50:06+00:00\",\"dateModified\":\"2019-11-22T10:04:10+00:00\",\"breadcrumb\":{\"@id\":\"https:\/\/agrovyzkum.cz\/bulletin\/en\/cattle-research-2-2018\/#breadcrumb\"},\"inLanguage\":\"cs\",\"potentialAction\":[{\"@type\":\"ReadAction\",\"target\":[\"https:\/\/agrovyzkum.cz\/bulletin\/en\/cattle-research-2-2018\/\"]}]},{\"@type\":\"ImageObject\",\"inLanguage\":\"cs\",\"@id\":\"https:\/\/agrovyzkum.cz\/bulletin\/en\/cattle-research-2-2018\/#primaryimage\",\"url\":\"https:\/\/agrovyzkum.cz\/bulletin\/wp-content\/uploads\/sites\/5\/2018\/09\/2018_2_slider.jpg\",\"contentUrl\":\"https:\/\/agrovyzkum.cz\/bulletin\/wp-content\/uploads\/sites\/5\/2018\/09\/2018_2_slider.jpg\",\"width\":1920,\"height\":550},{\"@type\":\"BreadcrumbList\",\"@id\":\"https:\/\/agrovyzkum.cz\/bulletin\/en\/cattle-research-2-2018\/#breadcrumb\",\"itemListElement\":[{\"@type\":\"ListItem\",\"position\":1,\"name\":\"V\u00fdzkum v chovu skotu\",\"item\":\"https:\/\/agrovyzkum.cz\/bulletin\/\"},{\"@type\":\"ListItem\",\"position\":2,\"name\":\"Archive\",\"item\":\"https:\/\/agrovyzkum.cz\/bulletin\/en\/category\/archive\/\"},{\"@type\":\"ListItem\",\"position\":3,\"name\":\"Year 2018\",\"item\":\"https:\/\/agrovyzkum.cz\/bulletin\/en\/category\/archive\/year-2018\/\"},{\"@type\":\"ListItem\",\"position\":4,\"name\":\"Cattle Research 2\/2018\"}]},{\"@type\":\"WebSite\",\"@id\":\"https:\/\/agrovyzkum.cz\/bulletin\/#website\",\"url\":\"https:\/\/agrovyzkum.cz\/bulletin\/\",\"name\":\"V\u00fdzkum v chovu skotu\",\"description\":\"\",\"publisher\":{\"@id\":\"https:\/\/agrovyzkum.cz\/bulletin\/#organization\"},\"potentialAction\":[{\"@type\":\"SearchAction\",\"target\":{\"@type\":\"EntryPoint\",\"urlTemplate\":\"https:\/\/agrovyzkum.cz\/bulletin\/?s={search_term_string}\"},\"query-input\":{\"@type\":\"PropertyValueSpecification\",\"valueRequired\":true,\"valueName\":\"search_term_string\"}}],\"inLanguage\":\"cs\"},{\"@type\":\"Organization\",\"@id\":\"https:\/\/agrovyzkum.cz\/bulletin\/#organization\",\"name\":\"Agrov\u00fdzkum Rapot\u00edn s.r.o.\",\"url\":\"https:\/\/agrovyzkum.cz\/bulletin\/\",\"logo\":{\"@type\":\"ImageObject\",\"inLanguage\":\"cs\",\"@id\":\"https:\/\/agrovyzkum.cz\/bulletin\/#\/schema\/logo\/image\/\",\"url\":\"https:\/\/agrovyzkum.cz\/bulletin\/wp-content\/uploads\/sites\/5\/2020\/03\/logo_agro.svg\",\"contentUrl\":\"https:\/\/agrovyzkum.cz\/bulletin\/wp-content\/uploads\/sites\/5\/2020\/03\/logo_agro.svg\",\"width\":36,\"height\":22,\"caption\":\"Agrov\u00fdzkum Rapot\u00edn s.r.o.\"},\"image\":{\"@id\":\"https:\/\/agrovyzkum.cz\/bulletin\/#\/schema\/logo\/image\/\"}},{\"@type\":\"Person\",\"@id\":\"https:\/\/agrovyzkum.cz\/bulletin\/#\/schema\/person\/28deabdd05a9ca995abc2920e61f54c3\",\"name\":\"admin\",\"image\":{\"@type\":\"ImageObject\",\"inLanguage\":\"cs\",\"@id\":\"https:\/\/agrovyzkum.cz\/bulletin\/#\/schema\/person\/image\/\",\"url\":\"https:\/\/secure.gravatar.com\/avatar\/0e156590117f7ac94936412af24e3431?s=96&d=mm&r=g\",\"contentUrl\":\"https:\/\/secure.gravatar.com\/avatar\/0e156590117f7ac94936412af24e3431?s=96&d=mm&r=g\",\"caption\":\"admin\"},\"url\":\"https:\/\/agrovyzkum.cz\/bulletin\/author\/admin\/\"}]}<\/script>\n<!-- \/ Yoast SEO plugin. -->","yoast_head_json":{"title":"Cattle Research 2\/2018 | V\u00fdzkum v chovu skotu","robots":{"index":"index","follow":"follow","max-snippet":"max-snippet:-1","max-image-preview":"max-image-preview:large","max-video-preview":"max-video-preview:-1"},"canonical":"https:\/\/agrovyzkum.cz\/bulletin\/en\/cattle-research-2-2018\/","og_locale":"cs_CZ","og_type":"article","og_title":"Cattle Research 2\/2018 | V\u00fdzkum v chovu skotu","og_description":"Series A \u2013 Original scientific papers Page Title \/ Author 2 Vztah klinick\u00e9 mastitidy, nemoc\u00ed pazneht\u016f a exteri\u00e9ru u dojnic hol\u0161t\u00fdnsk\u00e9ho skotu Genetic relationship between clinical mastitis, claw disorders and exterior traits in Holstein cattle Zavadilov\u00e1, L. \u2013 Ka\u0161n\u00e1, E. \u2013 Fleischer, P. \u2013 Krupa, E. \u2013 \u0160t\u00edpkov\u00e1, M. \u2013 Krej\u010dov\u00e1, M. [A] 13 Kvalita masa b\u00fdk\u016f-k\u0159\u00ed\u017eenc\u016f plemene wagyu por\u00e1\u017een\u00fdch [&hellip;]","og_url":"https:\/\/agrovyzkum.cz\/bulletin\/en\/cattle-research-2-2018\/","og_site_name":"V\u00fdzkum v chovu skotu","article_published_time":"2018-06-12T10:50:06+00:00","article_modified_time":"2019-11-22T10:04:10+00:00","og_image":[{"width":1920,"height":550,"url":"https:\/\/agrovyzkum.cz\/bulletin\/wp-content\/uploads\/sites\/5\/2018\/09\/2018_2_slider.jpg","type":"image\/jpeg"}],"author":"admin","twitter_card":"summary_large_image","twitter_misc":{"Napsal(a)":"admin","Odhadovan\u00e1 doba \u010dten\u00ed":"1 minuta"},"schema":{"@context":"https:\/\/schema.org","@graph":[{"@type":"Article","@id":"https:\/\/agrovyzkum.cz\/bulletin\/en\/cattle-research-2-2018\/#article","isPartOf":{"@id":"https:\/\/agrovyzkum.cz\/bulletin\/en\/cattle-research-2-2018\/"},"author":{"name":"admin","@id":"https:\/\/agrovyzkum.cz\/bulletin\/#\/schema\/person\/28deabdd05a9ca995abc2920e61f54c3"},"headline":"Cattle Research 2\/2018","datePublished":"2018-06-12T10:50:06+00:00","dateModified":"2019-11-22T10:04:10+00:00","mainEntityOfPage":{"@id":"https:\/\/agrovyzkum.cz\/bulletin\/en\/cattle-research-2-2018\/"},"wordCount":254,"publisher":{"@id":"https:\/\/agrovyzkum.cz\/bulletin\/#organization"},"image":{"@id":"https:\/\/agrovyzkum.cz\/bulletin\/en\/cattle-research-2-2018\/#primaryimage"},"thumbnailUrl":"https:\/\/agrovyzkum.cz\/bulletin\/wp-content\/uploads\/sites\/5\/2018\/09\/2018_2_slider.jpg","articleSection":["Archive","Year 2018"],"inLanguage":"cs"},{"@type":"WebPage","@id":"https:\/\/agrovyzkum.cz\/bulletin\/en\/cattle-research-2-2018\/","url":"https:\/\/agrovyzkum.cz\/bulletin\/en\/cattle-research-2-2018\/","name":"Cattle Research 2\/2018 | V\u00fdzkum v chovu skotu","isPartOf":{"@id":"https:\/\/agrovyzkum.cz\/bulletin\/#website"},"primaryImageOfPage":{"@id":"https:\/\/agrovyzkum.cz\/bulletin\/en\/cattle-research-2-2018\/#primaryimage"},"image":{"@id":"https:\/\/agrovyzkum.cz\/bulletin\/en\/cattle-research-2-2018\/#primaryimage"},"thumbnailUrl":"https:\/\/agrovyzkum.cz\/bulletin\/wp-content\/uploads\/sites\/5\/2018\/09\/2018_2_slider.jpg","datePublished":"2018-06-12T10:50:06+00:00","dateModified":"2019-11-22T10:04:10+00:00","breadcrumb":{"@id":"https:\/\/agrovyzkum.cz\/bulletin\/en\/cattle-research-2-2018\/#breadcrumb"},"inLanguage":"cs","potentialAction":[{"@type":"ReadAction","target":["https:\/\/agrovyzkum.cz\/bulletin\/en\/cattle-research-2-2018\/"]}]},{"@type":"ImageObject","inLanguage":"cs","@id":"https:\/\/agrovyzkum.cz\/bulletin\/en\/cattle-research-2-2018\/#primaryimage","url":"https:\/\/agrovyzkum.cz\/bulletin\/wp-content\/uploads\/sites\/5\/2018\/09\/2018_2_slider.jpg","contentUrl":"https:\/\/agrovyzkum.cz\/bulletin\/wp-content\/uploads\/sites\/5\/2018\/09\/2018_2_slider.jpg","width":1920,"height":550},{"@type":"BreadcrumbList","@id":"https:\/\/agrovyzkum.cz\/bulletin\/en\/cattle-research-2-2018\/#breadcrumb","itemListElement":[{"@type":"ListItem","position":1,"name":"V\u00fdzkum v chovu skotu","item":"https:\/\/agrovyzkum.cz\/bulletin\/"},{"@type":"ListItem","position":2,"name":"Archive","item":"https:\/\/agrovyzkum.cz\/bulletin\/en\/category\/archive\/"},{"@type":"ListItem","position":3,"name":"Year 2018","item":"https:\/\/agrovyzkum.cz\/bulletin\/en\/category\/archive\/year-2018\/"},{"@type":"ListItem","position":4,"name":"Cattle Research 2\/2018"}]},{"@type":"WebSite","@id":"https:\/\/agrovyzkum.cz\/bulletin\/#website","url":"https:\/\/agrovyzkum.cz\/bulletin\/","name":"V\u00fdzkum v chovu skotu","description":"","publisher":{"@id":"https:\/\/agrovyzkum.cz\/bulletin\/#organization"},"potentialAction":[{"@type":"SearchAction","target":{"@type":"EntryPoint","urlTemplate":"https:\/\/agrovyzkum.cz\/bulletin\/?s={search_term_string}"},"query-input":{"@type":"PropertyValueSpecification","valueRequired":true,"valueName":"search_term_string"}}],"inLanguage":"cs"},{"@type":"Organization","@id":"https:\/\/agrovyzkum.cz\/bulletin\/#organization","name":"Agrov\u00fdzkum Rapot\u00edn s.r.o.","url":"https:\/\/agrovyzkum.cz\/bulletin\/","logo":{"@type":"ImageObject","inLanguage":"cs","@id":"https:\/\/agrovyzkum.cz\/bulletin\/#\/schema\/logo\/image\/","url":"https:\/\/agrovyzkum.cz\/bulletin\/wp-content\/uploads\/sites\/5\/2020\/03\/logo_agro.svg","contentUrl":"https:\/\/agrovyzkum.cz\/bulletin\/wp-content\/uploads\/sites\/5\/2020\/03\/logo_agro.svg","width":36,"height":22,"caption":"Agrov\u00fdzkum Rapot\u00edn s.r.o."},"image":{"@id":"https:\/\/agrovyzkum.cz\/bulletin\/#\/schema\/logo\/image\/"}},{"@type":"Person","@id":"https:\/\/agrovyzkum.cz\/bulletin\/#\/schema\/person\/28deabdd05a9ca995abc2920e61f54c3","name":"admin","image":{"@type":"ImageObject","inLanguage":"cs","@id":"https:\/\/agrovyzkum.cz\/bulletin\/#\/schema\/person\/image\/","url":"https:\/\/secure.gravatar.com\/avatar\/0e156590117f7ac94936412af24e3431?s=96&d=mm&r=g","contentUrl":"https:\/\/secure.gravatar.com\/avatar\/0e156590117f7ac94936412af24e3431?s=96&d=mm&r=g","caption":"admin"},"url":"https:\/\/agrovyzkum.cz\/bulletin\/author\/admin\/"}]}},"_links":{"self":[{"href":"https:\/\/agrovyzkum.cz\/bulletin\/wp-json\/wp\/v2\/posts\/442","targetHints":{"allow":["GET"]}}],"collection":[{"href":"https:\/\/agrovyzkum.cz\/bulletin\/wp-json\/wp\/v2\/posts"}],"about":[{"href":"https:\/\/agrovyzkum.cz\/bulletin\/wp-json\/wp\/v2\/types\/post"}],"author":[{"embeddable":true,"href":"https:\/\/agrovyzkum.cz\/bulletin\/wp-json\/wp\/v2\/users\/1"}],"replies":[{"embeddable":true,"href":"https:\/\/agrovyzkum.cz\/bulletin\/wp-json\/wp\/v2\/comments?post=442"}],"version-history":[{"count":0,"href":"https:\/\/agrovyzkum.cz\/bulletin\/wp-json\/wp\/v2\/posts\/442\/revisions"}],"wp:featuredmedia":[{"embeddable":true,"href":"https:\/\/agrovyzkum.cz\/bulletin\/wp-json\/wp\/v2\/media\/252"}],"wp:attachment":[{"href":"https:\/\/agrovyzkum.cz\/bulletin\/wp-json\/wp\/v2\/media?parent=442"}],"wp:term":[{"taxonomy":"category","embeddable":true,"href":"https:\/\/agrovyzkum.cz\/bulletin\/wp-json\/wp\/v2\/categories?post=442"},{"taxonomy":"post_tag","embeddable":true,"href":"https:\/\/agrovyzkum.cz\/bulletin\/wp-json\/wp\/v2\/tags?post=442"}],"curies":[{"name":"wp","href":"https:\/\/api.w.org\/{rel}","templated":true}]}}